{"id":3806,"date":"2019-06-26T12:38:24","date_gmt":"2019-06-26T09:38:24","guid":{"rendered":"https:\/\/pdr.lt\/?p=3806"},"modified":"2026-08-20T13:52:57","modified_gmt":"2026-08-20T10:52:57","slug":"giedre-kazlauskaite-kuo-maziau-inercijos-tradicionalizmo","status":"publish","type":"post","link":"https:\/\/pdr.lt\/en\/giedre-kazlauskaite-kuo-maziau-inercijos-tradicionalizmo\/","title":{"rendered":"Giedr\u0117 Kazlauskait\u0117: Kuo ma\u017eiau inercijos, tradicionalizmo"},"content":{"rendered":"\n<p class=\"wp-block-wd-paragraph wd-5c9124f3\"><em>Nuotraukoje \u2013 2009 met\u0173 PDR, Giedr\u0117 atsiima Jaunojo jotvingio premij\u0105 u\u017e knyg\u0105 \u201eHeter\u0173 dainos\u201c (Lietuvos ra\u0161ytoj\u0173 s\u0105jungos leidykla, 2008)<\/em><\/p>\n\n\n\n<p class=\"wp-block-wd-paragraph wd-800f2237\"><strong>Kelintais metais festivalyje dalyvauta pirm\u0105kart? Koks jis buvo?<\/strong><\/p>\n\n\n\n<p class=\"wp-block-wd-paragraph wd-b371989e\">2001 m., jau buvau i\u0161leidusi prozos <em>pk<\/em>, bet tarsi ra\u0161iau ir eil\u0117ra\u0161\u010dius. Mane temp\u0117si kurso draug\u0117 Jurgita Butkyt\u0117, kuri buvo, mano akimis, daug rimtesn\u0117 poet\u0117. Tema buvo \u201ePoezija ir fotografija\u201c, tod\u0117l anoniminiam nerimtojo eil\u0117ra\u0161\u010dio konkursui mudvi pridav\u0117me, rodos, Jurgos \u0161onkauli\u0173 rentgeno nuotrauk\u0105. Labai patiko konferencija, Audingos Pelurityt\u0117s prane\u0161imas \u2013 pamenu, ji sak\u0117, kad Sigitos Gedos eil\u0117ra\u0161tis \u201eJonini\u0173 \u017eiedas\u201c \u2013 eroti\u0161kiausias lietuvi\u0173 literat\u016broje. Pirm\u0105kart ma\u010diau gyv\u0105 Ged\u0105 su dukra Ur\u0161ule, \u012fsiminiau Antan\u0105 A. Jonyn\u0105 su raudonu \u0161aliku, Jurg\u012f Kun\u010din\u0105, kuris vis transliavo \u201eYupi doo\u201c. Viena i\u0161 u\u017eduo\u010di\u0173 poetams buvo sukurti fotografijos kadr\u0105: apsikabinau t\u0105 senovin\u0119 \u0161iuk\u0161li\u0173 d\u0117\u017e\u0119, kuri atrodo kaip secesin\u0117 vaza, gurk\u0161tel\u0117jau kavos ir suvaidinau, kad vemiu. I\u0161kart sub\u0117go pulkas fotograf\u0173, \u0117m\u0117 paparacinti, mes \u2013 pozuoti. Pamenu, kad Vladas Brazi\u016bnas \u012fsilipo \u012f krep\u0161inio lank\u0105 ir laim\u0117jo t\u0105 konkurs\u0105. Jaun\u0173j\u0173 skaitymai vyko \u201e\u0160irdel\u0117je\u201c, visi \u201egenijai\u201c g\u0117r\u0117, r\u016bk\u0117, r\u0117kavo, stumd\u0117si ir garsiai replikavo, k\u0105 skaitom. Gal kok\u012f antr\u0105 tre\u010di\u0105 kart\u0105 gyvenime skai\u010diau per mikrofon\u0105, labai jaudinausi, dreb\u0117jo kojos ir balsas, bet ka\u017ekas i\u0161 patriarch\u0173 suriko \u201eNormaliai!\u201c ir pasijutau \u012fvertinta. Gurk\u0161nojome buitiniu b\u016bdu su cola sumai\u0161yt\u0105 stark\u0105. Paskui Jurga ka\u017ekur dingo ir i\u0161sigandau, kad netur\u0117siu kur nakvoti, bet vienas i\u0161 poet\u0173 pasi\u016bl\u0117 miegoti su juo vienoje lovoje (suprantama, skais\u010diai). Jis toje lovoje beveik ir nemiegojo, nes vis\u0105 nakt\u012f g\u0117r\u0117 ir sur\u016bk\u0117 mano n\u0117\u0161\u010diosioms skirtas cigaretes, kurias buvau parsive\u017eusi i\u0161 Sankt Peterburgo. O kai pabudau, susivokiau, kad esu bern\u0173 kambaryje, nes nugriaud\u0117jo storas balsas (lyg Norvilo, lyg Gintalo): \u201eBybis stal\u010diuj\u201c.<\/p>\n\n\n\n<p class=\"wp-block-wd-paragraph wd-8983dabf\"><strong>Kas yra PDR?<\/strong><\/p>\n\n\n\n<p class=\"wp-block-wd-paragraph wd-222d6021\">Gimin\u0117s suva\u017eiavimas, vis\u0173 keturi\u0173 kraujo grupi\u0173 trintis.<\/p>\n\n\n\n<p class=\"wp-block-wd-paragraph wd-3a05135d\"><strong>Smagiausias nuotykis \/ \u012fvykis \/ nutikimas.<\/strong><\/p>\n\n\n\n<p class=\"wp-block-wd-paragraph wd-b90697e3\">Festivalio tema buvo \u201ePoezija ir vanduo\u201c (2003 m.), poetai sus\u0117do \u012f valt\u012f ir i\u0161plauk\u0117 \u012f Druskon\u012f, imituodami Rimbaud \u201eGirt\u0105 laiv\u0105\u201c. Pamenu, kad Eugenijus Ali\u0161anka \u012f\u0161oko \u012f e\u017eer\u0105, nors buvo \u017evarbokas spalio rytas. Tais metais visi ra\u0161\u0117 kolektyvinius haiku, geriausi\u0105 eilut\u0119, mano nuomone, para\u0161\u0117 K\u0119stutis Nastopka: \u201e[&#8230;] ir apoloni\u0161kas Ali\u0161anka\u201c. Ali\u0161anka kaip tik buvo i\u0161leid\u0119s studij\u0105 apie postmodernizm\u0105 \u201eDioniso sugr\u012f\u017eimas\u201c.<\/p>\n\n\n\n<p class=\"wp-block-wd-paragraph wd-4806051d\">Viena tuometin\u0117 jaunoji poet\u0117, Egl\u0117 Perednyt\u0117, kai jai at\u0117jo metas skaityti girtaujan\u010dioje sal\u0117je, kad suriks per mikrofon\u0105: \u201eTylos! Man tarp j\u016bs\u0173 g\u0117da eil\u0117ra\u0161\u010dius skaityt!\u201c. Ir dar grie\u017etesniais \u017eod\u017eiais visus i\u0161koneveik\u0117. Keis\u010diausia, kad visi, net seni krienai, taip nu\u0161\u010diuvo, kad buvo galima gird\u0117ti mus\u0119 skrendant \u2013 i\u0161sigando. Po to \u012f sal\u0119 pav\u0117lav\u0119s \u012f\u0117jo Nastopka, ir Alvydas \u0160lepikas, vakaro vedantysis, jam tar\u0117: \u201eProfesoriau, paai\u0161kinkite pra\u0161au semioti\u0161kai, kas \u010dia dabar atsitiko?\u201c, bet Nastopka tik papurt\u0117 galv\u0105 ir atsisak\u0117 t\u0105 daryti.<\/p>\n\n\n\n<p class=\"wp-block-wd-paragraph wd-b9adb1af\">Dar pamenu, kaip Mindaugas Nastaravi\u010dius vos nepadeg\u0117 \u201e\u0160irdel\u0117s\u201c \u2013 svaid\u0117 popierinius l\u0117ktuv\u0117lius, kuri\u0173 uodegas u\u017edegdavo. Buvo kokie 2014-ieji. Rodos, Tomas Petrulis apie incident\u0105 pastat\u0117 film\u0105, sumontuodamas vaizd\u0105 su \u010caikovskio muzika.<\/p>\n\n\n\n<p class=\"wp-block-wd-paragraph wd-3765ea64\"><strong>Kokios keis\u010diausios gird\u0117tos nuogirdos apie festival\u012f?<\/strong><\/p>\n\n\n\n<p class=\"wp-block-wd-paragraph wd-ab942f4e\">Nepadoru vie\u0161inti.<\/p>\n\n\n\n<p class=\"wp-block-wd-paragraph wd-005bda38\"><strong>Labiausiai per \u0161iuos metus \u012fsimin\u0119s poetas,-\u0117 \/ eil\u0117ra\u0161tis (o gal keli)<\/strong><\/p>\n\n\n\n<p class=\"wp-block-wd-paragraph wd-f1a314d4\">Ieva Gra\u017eyt\u0117 \u201eLiterat\u016broje ir mene\u201c, Patricija Gudeikait\u0117 \u201e\u0160iaur\u0117s At\u0117nuose\u201c. Bet a\u0161 ne visk\u0105 su\u017ei\u016briu, i\u0161krenta i\u0161 atminties, tad gal\u0117jau k\u0105 nors ir praleisti.<\/p>\n\n\n\n<p class=\"wp-block-wd-paragraph wd-67642d67\"><strong>Festivalis veikia \u201epasidaryk pats\u201c principu \u2013 poetai da\u017enai \u010dia k\u0105 nors daro. Ko teko imtis per dalyvavimo festivalyje metus?<\/strong><\/p>\n\n\n\n<p class=\"wp-block-wd-paragraph wd-092d38bc\">Su Agne \u017dagrakalyte apsireng\u0117me b\u016br\u0117jomis ir prana\u0161avom poetams ateit\u012f. Manau, tai buvo Agn\u0117s mintis \u2013 ji tur\u0117jo ir vis\u0105 tam skirt\u0105 rekvizit\u0105: Taro kortas, skaras, egzoti\u0161kus apdarus. A\u0161 b\u016briau i\u0161 delno \u2013 melavau literatams, kokias premijas matau j\u0173 gyvenimo linijoje. Paskui mano rankose i\u0161 ka\u017ekur atsirado kirvis, o Laurynas Katkus pad\u0117jo galv\u0105 ant kelmo \u2013 fotografai mus taip ir \u012fam\u017eino, tarsi kirs\u010diau Katkui galv\u0105. Tas vaidmuo man labai patiko, bet \u0161iaip a\u0161 retai va\u017eiuoju \u012f \u0161\u012f festival\u012f kaip tik d\u0117l to, kad nesu scenos \u017emogus \u2013 bijau rengini\u0173, vengiu atsakomyb\u0117s, deramai nemoku angl\u0173 kalbos. Esu tur\u0117jusi ir daugiau funkcij\u0173 \u2013 konferencijoje ir renginiuose, bet tai nebuvo taip \u012fdomu, kaip vaidinti \u010digon\u0119.<\/p>\n\n\n\n<p class=\"wp-block-wd-paragraph wd-c8368530\"><strong>Trisde\u0161imt met\u0173 \u2013 ar \u010dia daug festivaliui?<\/strong><\/p>\n\n\n\n<p class=\"wp-block-wd-paragraph wd-58ba2de3\">Ne.<\/p>\n\n\n\n<p class=\"wp-block-wd-paragraph wd-724e5906\"><strong>Paburkime: kas toliau?<\/strong><\/p>\n\n\n\n<p class=\"wp-block-wd-paragraph wd-b95d8b1b\">Likusieji trisde\u0161imt met\u0173 ligi pasaulio pabaigos. Kuo ma\u017eiau inercijos, tradicionalizmo \u2013 daugiau jaun\u0173 poet\u0173 su j\u0173 k\u016bnais ir estafet\u0117mis. Svaigulio, beprotyb\u0117s.<\/p>\n","protected":false},"excerpt":{"rendered":"","protected":false},"author":1,"featured_media":3807,"comment_status":"closed","ping_status":"open","sticky":false,"template":"","format":"standard","meta":{"_acf_changed":false,"footnotes":""},"categories":[58,71],"tags":[73],"class_list":["post-3806","post","type-post","status-publish","format-standard","has-post-thumbnail","hentry","category-naujienos","category-poetai-apie-festivali","tag-tik-lt"],"acf":[],"_links":{"self":[{"href":"https:\/\/pdr.lt\/en\/wp-json\/wp\/v2\/posts\/3806","targetHints":{"allow":["GET"]}}],"collection":[{"href":"https:\/\/pdr.lt\/en\/wp-json\/wp\/v2\/posts"}],"about":[{"href":"https:\/\/pdr.lt\/en\/wp-json\/wp\/v2\/types\/post"}],"author":[{"embeddable":true,"href":"https:\/\/pdr.lt\/en\/wp-json\/wp\/v2\/users\/1"}],"replies":[{"embeddable":true,"href":"https:\/\/pdr.lt\/en\/wp-json\/wp\/v2\/comments?post=3806"}],"version-history":[{"count":1,"href":"https:\/\/pdr.lt\/en\/wp-json\/wp\/v2\/posts\/3806\/revisions"}],"predecessor-version":[{"id":3808,"href":"https:\/\/pdr.lt\/en\/wp-json\/wp\/v2\/posts\/3806\/revisions\/3808"}],"wp:featuredmedia":[{"embeddable":true,"href":"https:\/\/pdr.lt\/en\/wp-json\/wp\/v2\/media\/3807"}],"wp:attachment":[{"href":"https:\/\/pdr.lt\/en\/wp-json\/wp\/v2\/media?parent=3806"}],"wp:term":[{"taxonomy":"category","embeddable":true,"href":"https:\/\/pdr.lt\/en\/wp-json\/wp\/v2\/categories?post=3806"},{"taxonomy":"post_tag","embeddable":true,"href":"https:\/\/pdr.lt\/en\/wp-json\/wp\/v2\/tags?post=3806"}],"curies":[{"name":"wp","href":"https:\/\/api.w.org\/{rel}","templated":true}]}}