{"id":3809,"date":"2019-06-27T12:45:19","date_gmt":"2019-06-27T09:45:19","guid":{"rendered":"https:\/\/pdr.lt\/?p=3809"},"modified":"2026-08-20T13:53:32","modified_gmt":"2026-08-20T10:53:32","slug":"dainius-dirgela-poetu-draugijos-rekolekcijos","status":"publish","type":"post","link":"https:\/\/pdr.lt\/en\/dainius-dirgela-poetu-draugijos-rekolekcijos\/","title":{"rendered":"Dainius Dirg\u0117la: Poet\u0173 Draugijos Rekolekcijos"},"content":{"rendered":"<p class=\"wp-block-wd-paragraph wd-e83af158\"><strong>Kelintais metais \u012f festivalyje dalyvauta pirm\u0105kart? Koks jis buvo?<\/strong><\/p>\n\n\n\n<p class=\"wp-block-wd-paragraph wd-817a0cd2\">Pirmasis kartas buvo pirmasis PDR 1990 m. Va\u017eiuota ekspromtu mar\u0161rutiniu autobusu Vilnius \u2013 Druskininkai kartu su kitais poet\u0173 grup\u0117s SVETIMI nariais, miegota gyv\u0173j\u0173 klasik\u0173 kambariuose jiems ne\u017einant, valgyta j\u0173 duona ir gertas j\u0173 vynas&#8230;<\/p>\n\n\n\n<p class=\"wp-block-wd-paragraph wd-84c4f82b\"><strong>Kas yra PDR?<\/strong><\/p>\n\n\n\n<p class=\"wp-block-wd-paragraph wd-e16bbec9\">Kiek poet\u0173, tiek ir nuomoni\u0173. Vienas i\u0161 PDR \u0161ifr\u0173 gal\u0117t\u0173 b\u016bti kad ir POET\u0172 DRAUGIJOS REKOLEKCIJOS.<\/p>\n\n\n\n<p class=\"wp-block-wd-paragraph wd-cfd55307\">Tik skirtingai nuo ba\u017enytin\u0117s tradicijos \u0161ios rekolekcijos \u2013 gerokai spalvingesn\u0117s, kitaip atskleid\u017eian\u010dios poetinio Dangaus ir \u017dem\u0117s, Rojaus ir Pragaro santykius.<\/p>\n\n\n\n<p class=\"wp-block-wd-paragraph wd-0b88491d\"><strong>Smagiausias nuotykis \/ \u012fvykis \/ nutikimas?<\/strong><\/p>\n\n\n\n<p class=\"wp-block-wd-paragraph wd-6beb1f21\">Nuotyki\u0173, \u012fvyki\u0173 ir nutikim\u0173 b\u016bta aps\u010diai. Kad ir Alvydo \u0160lepiko \u0161erk\u0161nu padengti ilgi plaukai;<\/p>\n\n\n\n<p class=\"wp-block-wd-paragraph wd-699b0eff\">arba mi\u0161kelyje rasta lap\u0117s kaukol\u0117, kuri v\u0117liau tapo SVETIM\u0172 trumpai teiktos premijos ASINUS AT LYRAM prizu; Valkinink\u0173 gele\u017einkelio perva\u017eoje sug\u0119d\u0119s autobusas ir kito autobuso laukimas Valkinink\u0173 parduotuv\u0117je (o, ikiveryginiai laikai!)&#8230;<\/p>\n\n\n\n<p class=\"wp-block-wd-paragraph wd-e9470c38\"><strong>Kokios keis\u010diausios gird\u0117tos nuogirdos apie festival\u012f?<\/strong><\/p>\n\n\n\n<p class=\"wp-block-wd-paragraph wd-e964919a\">Kiekviena karta ir net kiekvienas poetas ar \u0161iaip PDR steb\u0117tojas apie festival\u012f turi susik\u016br\u0119s savo legend\u0105, geriausi\u0173 nuogird\u0173 rinkin\u012f ir t.t.<\/p>\n\n\n\n<p class=\"wp-block-wd-paragraph wd-129bbc7b\"><strong>Labiausiai per \u0161iuos metus \u012fsimin\u0119s poetas,-\u0117 \/ eil\u0117ra\u0161tis (o gal keli)<\/strong><\/p>\n\n\n\n<p class=\"wp-block-wd-paragraph wd-f88bb11f\">Kadangi man pa\u010diam patinka PDR anonimini\u0173 eil\u0117ra\u0161\u010di\u0173 konkursai, tai kasmet \u012fdomu b\u016bti Anonimu ir kartu matyti, kad tie kiti Anonimai da\u017enai b\u016bna tie patys, pvz., Kornelijus Platelis, Antanas A. Jonynas, Sara Poisson, Gytis Norvilas, Aivaras Veiknys ir t.t. I\u0161 \u0161i\u0173 anonimini\u0173 eil\u0117ra\u0161\u010di\u0173 konkursus laim\u0117jusi\u0173 tekst\u0173 per tiek met\u0173 galima b\u016bt\u0173 sudaryti alternatyv\u0173j\u012f PDR almanach\u0105, kuris tekst\u0173 kokybe tikrai neb\u016bt\u0173 prastesnis u\u017e tradicinius PDR almanachus.<\/p>\n\n\n\n<p class=\"wp-block-wd-paragraph wd-e84623d6\"><strong>Festivalis veikia \u201epasidaryk pats\u201c principu \u2013 poetai da\u017enai \u010dia k\u0105 nors daro. Ko teko imtis per dalyvavimo festivalyje metus?<\/strong><\/p>\n\n\n\n<p class=\"wp-block-wd-paragraph wd-5933c7df\">Kartu su poet\u0173 grupe SVETIMI kadaise teko prisid\u0117ti prie PDR 1992 m. programos k\u016brimo ir dalyvi\u0173 kvietimo. O \u0161iaip i\u0161bandytos visos PDR \u012fmanomos b\u016bsenos \u2013 dalyvio, pusdalyvio, padalyvio ir nedalyvio.<\/p>\n\n\n\n<p class=\"wp-block-wd-paragraph wd-43e13800\"><strong>Trisde\u0161imt met\u0173 \u2013 ar \u010dia daug festivaliui?<\/strong><\/p>\n\n\n\n<p class=\"wp-block-wd-paragraph wd-5fc46bb8\">Festivaliui \u2013 nedaug. Poetui \u2013 daug. Gal tod\u0117l ne visuose ir teko pabuvoti.<\/p>\n\n\n\n<p class=\"wp-block-wd-paragraph wd-e18fa07d\"><strong>Paburkime: kas toliau?<\/strong><\/p>\n\n\n\n<p class=\"wp-block-wd-paragraph wd-c4dd49af\">PDR \u2013 ir toliau PDR. Nuolat kintantis (nauji u\u017esienio sve\u010diai, nauji renginiai, naujos geografin\u0117s erdv\u0117s ne tik Druskininkuose) ir kartu nekintantis (kol dar plaka \u0160IRDEL\u0116&#8230;)<\/p>","protected":false},"excerpt":{"rendered":"","protected":false},"author":1,"featured_media":3813,"comment_status":"closed","ping_status":"open","sticky":false,"template":"","format":"standard","meta":{"_acf_changed":false,"footnotes":""},"categories":[58,71],"tags":[73],"class_list":["post-3809","post","type-post","status-publish","format-standard","has-post-thumbnail","hentry","category-naujienos","category-poetai-apie-festivali","tag-tik-lt"],"acf":[],"_links":{"self":[{"href":"https:\/\/pdr.lt\/en\/wp-json\/wp\/v2\/posts\/3809","targetHints":{"allow":["GET"]}}],"collection":[{"href":"https:\/\/pdr.lt\/en\/wp-json\/wp\/v2\/posts"}],"about":[{"href":"https:\/\/pdr.lt\/en\/wp-json\/wp\/v2\/types\/post"}],"author":[{"embeddable":true,"href":"https:\/\/pdr.lt\/en\/wp-json\/wp\/v2\/users\/1"}],"replies":[{"embeddable":true,"href":"https:\/\/pdr.lt\/en\/wp-json\/wp\/v2\/comments?post=3809"}],"version-history":[{"count":3,"href":"https:\/\/pdr.lt\/en\/wp-json\/wp\/v2\/posts\/3809\/revisions"}],"predecessor-version":[{"id":3812,"href":"https:\/\/pdr.lt\/en\/wp-json\/wp\/v2\/posts\/3809\/revisions\/3812"}],"wp:featuredmedia":[{"embeddable":true,"href":"https:\/\/pdr.lt\/en\/wp-json\/wp\/v2\/media\/3813"}],"wp:attachment":[{"href":"https:\/\/pdr.lt\/en\/wp-json\/wp\/v2\/media?parent=3809"}],"wp:term":[{"taxonomy":"category","embeddable":true,"href":"https:\/\/pdr.lt\/en\/wp-json\/wp\/v2\/categories?post=3809"},{"taxonomy":"post_tag","embeddable":true,"href":"https:\/\/pdr.lt\/en\/wp-json\/wp\/v2\/tags?post=3809"}],"curies":[{"name":"wp","href":"https:\/\/api.w.org\/{rel}","templated":true}]}}