{"id":3831,"date":"2019-11-11T12:45:19","date_gmt":"2019-11-11T09:45:19","guid":{"rendered":"https:\/\/pdr.lt\/?p=3831"},"modified":"2026-08-26T00:01:41","modified_gmt":"2026-08-25T21:01:41","slug":"indre-valantinaite-pdre-visi-neiprastumai-savo-vietose","status":"publish","type":"post","link":"https:\/\/pdr.lt\/en\/indre-valantinaite-pdre-visi-neiprastumai-savo-vietose\/","title":{"rendered":"Indr\u0117 Valantinait\u0117. PDRe visi ne\u012fprastumai \u2013 savo vietose"},"content":{"rendered":"<p class=\"wp-block-wd-paragraph wd-27f42be0\"><strong>Kelintais metais festivalyje dalyvauta pirm\u0105kart? Koks jis buvo?<\/strong><\/p>\n\n\n\n<p class=\"wp-block-wd-paragraph wd-e25da826\">Nepamenu&#8230;. Gal a\u0161tuoniolikos? Buvo smagu. Atvykau su <em>prijau\u010dian\u010di\u0173<\/em> draug\u0173 grupele, tad pirmiausia visa steb\u0117jau i\u0161 \u0161alies. Tokie pad\u016bk\u0119 tie poetai, <em>nuskrid\u0119<\/em> man tuomet atrod\u0117. Ypa\u010d \u012fsimin\u0117 diskoteka. Tarsi \u010diabuvi\u0173 ritualiniai \u0161okiai. Atrod\u0117, kad <em>normal\u016bs<\/em> \u017emon\u0117s taip nejuda. \ud83d\ude42 O dalyvauti prad\u0117jau po keleri\u0173 met\u0173, i\u0161leidusi pirm\u0105j\u0105 knyg\u0105. Tuomet jau niekas nebeatrod\u0117 keistai, visi ne\u012fprastumai \u2013 savo vietose, kaip ir priklauso.<\/p>\n\n\n\n<p class=\"wp-block-wd-paragraph wd-bfc21569\"><strong>Kas yra PDR?<\/strong><\/p>\n\n\n\n<p class=\"wp-block-wd-paragraph wd-3c44b2e1\">Man brangus, tradicinis kasmetis draug\u0173 ir koleg\u0173 susitikimas. Poezija, bendravimu, \u0161okiais ir ruden\u0117jan\u010diais Druskininkais persunktos dienos.<\/p>\n\n\n\n<p class=\"wp-block-wd-paragraph wd-4b081ae6\"><strong>Smagiausias nuotykis \/ \u012fvykis \/ nutikimas<\/strong><\/p>\n\n\n\n<p class=\"wp-block-wd-paragraph wd-526531cf\">Pernai pirm\u0105 kart\u0105 gavau kambariuk\u0105 vir\u0161 <em>\u0160irdel\u0117s<\/em>. Iki koki\u0173 penki\u0173 ryto po langais vyko ne\u012ftik\u0117tinas koleg\u0173 koncertas. Repertuaro \u012fvairov\u0117 stulbinanti. Kit\u0105 ryt\u0105 dar gerokai apsimiegojusi patraukiau pasivaik\u0161\u010dioti po mi\u0161kus. O i\u0161 ten \u2013 \u017evalus kaip spirgas jau gr\u012f\u017eta Ri\u010dardas \u0160ileika. \u0160nekam\u0117s. Sakau: \u201eViskas puiku, tik kad pirm\u0105 kart\u0105 miegojau su poetais, tad nei\u0161simiegojau, nebuvau pasiruo\u0161usi tokiam koncertui.\u201c \u017di\u016briu, jau jis ka\u017ek\u0105 skrebena i\u0161syk i\u0161sitrauk\u0119s lapel\u012f: \u201eValantinait\u0117: pirm\u0105 kart\u0105 miegojau su poetais.\u201c Visgi papra\u0161iau, kad \u012f Nuogird\u0173 skilt\u012f nepatek\u010diau.<\/p>\n\n\n\n<p class=\"wp-block-wd-paragraph wd-86db48b4\"><strong>Festivalis veikia \u201epasidaryk pats\u201c principu \u2013 poetai da\u017enai \u010dia k\u0105 nors daro. Ko teko imtis per dalyvavimo festivalyje metus?<\/strong><\/p>\n\n\n\n<p class=\"wp-block-wd-paragraph wd-f35f333d\">Vedu renginius.<\/p>\n\n\n\n<p class=\"wp-block-wd-paragraph wd-12452126\"><strong>Trisde\u0161imt met\u0173 \u2013 ar \u010dia daug festivaliui?<\/strong><\/p>\n\n\n\n<p class=\"wp-block-wd-paragraph wd-4029a98c\">\u010cia gra\u017ei branda, saky\u010diau.<\/p>\n\n\n\n<p class=\"wp-block-wd-paragraph wd-52ecc5ac\"><strong>Paburkime: kas toliau?<\/strong><\/p>\n\n\n\n<p class=\"wp-block-wd-paragraph wd-c829c807\">Dar trisde\u0161imt, po to \u2013 dar ir dar, ir dar&#8230; Kol bus Lietuvoje poet\u0173. O j\u0173 bus visad. Taigi, kol u\u017eteks j\u0117g\u0173 ir kantryb\u0117s organizatoriams.<\/p>","protected":false},"excerpt":{"rendered":"","protected":false},"author":1,"featured_media":3833,"comment_status":"closed","ping_status":"closed","sticky":false,"template":"","format":"standard","meta":{"_acf_changed":false,"footnotes":""},"categories":[58,71],"tags":[73],"class_list":["post-3831","post","type-post","status-publish","format-standard","has-post-thumbnail","hentry","category-naujienos","category-poetai-apie-festivali","tag-tik-lt"],"acf":[],"_links":{"self":[{"href":"https:\/\/pdr.lt\/en\/wp-json\/wp\/v2\/posts\/3831","targetHints":{"allow":["GET"]}}],"collection":[{"href":"https:\/\/pdr.lt\/en\/wp-json\/wp\/v2\/posts"}],"about":[{"href":"https:\/\/pdr.lt\/en\/wp-json\/wp\/v2\/types\/post"}],"author":[{"embeddable":true,"href":"https:\/\/pdr.lt\/en\/wp-json\/wp\/v2\/users\/1"}],"replies":[{"embeddable":true,"href":"https:\/\/pdr.lt\/en\/wp-json\/wp\/v2\/comments?post=3831"}],"version-history":[{"count":3,"href":"https:\/\/pdr.lt\/en\/wp-json\/wp\/v2\/posts\/3831\/revisions"}],"predecessor-version":[{"id":4529,"href":"https:\/\/pdr.lt\/en\/wp-json\/wp\/v2\/posts\/3831\/revisions\/4529"}],"wp:featuredmedia":[{"embeddable":true,"href":"https:\/\/pdr.lt\/en\/wp-json\/wp\/v2\/media\/3833"}],"wp:attachment":[{"href":"https:\/\/pdr.lt\/en\/wp-json\/wp\/v2\/media?parent=3831"}],"wp:term":[{"taxonomy":"category","embeddable":true,"href":"https:\/\/pdr.lt\/en\/wp-json\/wp\/v2\/categories?post=3831"},{"taxonomy":"post_tag","embeddable":true,"href":"https:\/\/pdr.lt\/en\/wp-json\/wp\/v2\/tags?post=3831"}],"curies":[{"name":"wp","href":"https:\/\/api.w.org\/{rel}","templated":true}]}}