{"id":3836,"date":"2019-11-12T12:45:19","date_gmt":"2019-11-12T09:45:19","guid":{"rendered":"https:\/\/pdr.lt\/?p=3836"},"modified":"2026-08-20T13:53:55","modified_gmt":"2026-08-20T10:53:55","slug":"aistis-zekevicius-trisdesimt-metu-juokingai-maza-distancija","status":"publish","type":"post","link":"https:\/\/pdr.lt\/en\/aistis-zekevicius-trisdesimt-metu-juokingai-maza-distancija\/","title":{"rendered":"Aistis \u017dekevi\u010dius: Trisde\u0161imt met\u0173 \u2013 juokingai ma\u017ea distancija"},"content":{"rendered":"<p class=\"wp-block-wd-paragraph wd-a9375876\"><strong>Kelintais metais festivalyje dalyvauta pirm\u0105kart? Koks jis buvo?<\/strong><\/p>\n\n\n\n<p class=\"wp-block-wd-paragraph wd-806e0ef9\">Regis, 2014 m. T\u0105kart po Jaun\u0173j\u0173 skaitym\u0173 vienas dabar jau mir\u0119s poetas nor\u0117jo man duoti \u012f nos\u012f u\u017e tai, kad jam neva tai pasirod\u017eiau pasik\u0117l\u0119s. Nepaisant \u0161ios keistos patirties, festivalis \u0161iaip jau buvo kupinas linksmybi\u0173 ir gaivali\u0161ko \u0161\u0117lsmo.<\/p>\n\n\n\n<p class=\"wp-block-wd-paragraph wd-9d9379d8\"><strong>Kas yra PDR?<\/strong><\/p>\n\n\n\n<p class=\"wp-block-wd-paragraph wd-1ad7fe17\">Mil\u017eini\u0161kas gimin\u0117s balius, kuriame galima sutikti visus tradicinius persona\u017eus \u2013 tarp j\u0173 ir t\u0105 d\u0117d\u0119, kurio niekas nepa\u017e\u012fsta, ta\u010diau tai netrukdo jam m\u0117ginti pakabinti visas vakar\u0117lyje esan\u010dias merginas. Jeigu rim\u010diau \u2013 gra\u017ei tradicija, kuri\u0105 kiekvienas suvokia \u0161iek tiek kitaip, ta\u010diau tai tikrai nekliudo ja m\u0117gautis.<\/p>\n\n\n\n<p class=\"wp-block-wd-paragraph wd-e31ea37f\"><strong>Smagiausias nuotykis \/ \u012fvykis \/ nutikimas.<\/strong><\/p>\n\n\n\n<p class=\"wp-block-wd-paragraph wd-31fea49d\">Neatsimenu nei vieno smagaus \u012fvykio, kuris festivalyje b\u016bt\u0173 i\u0161tik\u0119s mane vien\u0105. Manau, geb\u0117jimas suburti tokius skirtingus \u017emones \u012f vien\u0105 viet\u0105 ir yra did\u017eiausia \u0161io festivalio stipryb\u0117.<\/p>\n\n\n\n<p class=\"wp-block-wd-paragraph wd-68f1c167\"><strong>Keis\u010diausios gird\u0117tos nuogirdos apie festival\u012f.<\/strong><\/p>\n\n\n\n<p class=\"wp-block-wd-paragraph wd-6a00487e\">Kad susirink\u0119 poetai nieko daugiau nedaro, tik i\u0161tisai maukia ir po to voliojasi girti ant \u017eol\u0117s. Tie \u017emon\u0117s akivaizd\u017eiai n\u0117 nebuvo \u012fki\u0161\u0119 nosies \u012f skaitymus!<\/p>\n\n\n\n<p class=\"wp-block-wd-paragraph wd-d59cd84d\"><strong>Labiausiai per \u0161iuos metus \u012fsimin\u0119s festivalio poetas,-\u0117 \/ eil\u0117ra\u0161tis (o gal keli)<\/strong><\/p>\n\n\n\n<p class=\"wp-block-wd-paragraph wd-f1daee9c\">I\u0161 pastar\u0173j\u0173 met\u0173 labiausiai \u012fstrigo Benedikto Janu\u0161evi\u010diaus eil\u0117ra\u0161tis apie kult\u016bros darbuotoj\u0105 avie\u010di\u0173 lauke ir Simono Bernoto \u201eWestern Union\u201c. I\u0161 tikr\u0173j\u0173, nauj\u0173 atradim\u0173 pasitaiko kiekvienais metais, o ir u\u017esienio sve\u010di\u0173 skaitym\u0173 paprastai stengiuos nepraleisti.<\/p>\n\n\n\n<p class=\"wp-block-wd-paragraph wd-b100cde1\"><strong>Festivalis veikia \u201epasidaryk pats\u201c principu \u2013 poetai da\u017enai \u010dia k\u0105 nors daro. Ko teko imtis per dalyvavimo festivalyje metus?<\/strong><\/p>\n\n\n\n<p class=\"wp-block-wd-paragraph wd-a1711c79\">Teko nema\u017eai kart\u0173 skaityti savo tekstus ir syk\u012f pabuvoti anonimini\u0173 eil\u0117ra\u0161\u010di\u0173 vertinimo komisijoje. Labai patiko pernyk\u0161\u010diai rytiniai skaitymai, kuri\u0173 metu reik\u0117jo skaityti po vien\u0105 savo ir m\u0117gstamo autoriaus eil\u0117ra\u0161t\u012f.<\/p>\n\n\n\n<p class=\"wp-block-wd-paragraph wd-fbcfb47a\"><strong>Trisde\u0161imt met\u0173 \u2013 ar \u010dia daug festivaliui?<\/strong><\/p>\n\n\n\n<p class=\"wp-block-wd-paragraph wd-7614cdea\">Kaip festivaliui, tai \u2013 juokingai ma\u017ea distancija.<\/p>\n\n\n\n<p class=\"wp-block-wd-paragraph wd-3c49b5f0\"><strong>Paburkime: kas toliau? Ar i\u0161liks(ime)?<\/strong><\/p>\n\n\n\n<p class=\"wp-block-wd-paragraph wd-032050bc\">Kol bus poreikis daugumai i\u0161likusi\u0173j\u0173 kiekvien\u0105 ruden\u012f susiburti po \u201e\u0160irdel\u0117s\u201c stogu, tol i\u0161liks ir PDR&#8217;as.<\/p>","protected":false},"excerpt":{"rendered":"","protected":false},"author":1,"featured_media":3838,"comment_status":"closed","ping_status":"closed","sticky":false,"template":"","format":"standard","meta":{"_acf_changed":false,"footnotes":""},"categories":[58,71],"tags":[73],"class_list":["post-3836","post","type-post","status-publish","format-standard","has-post-thumbnail","hentry","category-naujienos","category-poetai-apie-festivali","tag-tik-lt"],"acf":[],"_links":{"self":[{"href":"https:\/\/pdr.lt\/en\/wp-json\/wp\/v2\/posts\/3836","targetHints":{"allow":["GET"]}}],"collection":[{"href":"https:\/\/pdr.lt\/en\/wp-json\/wp\/v2\/posts"}],"about":[{"href":"https:\/\/pdr.lt\/en\/wp-json\/wp\/v2\/types\/post"}],"author":[{"embeddable":true,"href":"https:\/\/pdr.lt\/en\/wp-json\/wp\/v2\/users\/1"}],"replies":[{"embeddable":true,"href":"https:\/\/pdr.lt\/en\/wp-json\/wp\/v2\/comments?post=3836"}],"version-history":[{"count":2,"href":"https:\/\/pdr.lt\/en\/wp-json\/wp\/v2\/posts\/3836\/revisions"}],"predecessor-version":[{"id":3839,"href":"https:\/\/pdr.lt\/en\/wp-json\/wp\/v2\/posts\/3836\/revisions\/3839"}],"wp:featuredmedia":[{"embeddable":true,"href":"https:\/\/pdr.lt\/en\/wp-json\/wp\/v2\/media\/3838"}],"wp:attachment":[{"href":"https:\/\/pdr.lt\/en\/wp-json\/wp\/v2\/media?parent=3836"}],"wp:term":[{"taxonomy":"category","embeddable":true,"href":"https:\/\/pdr.lt\/en\/wp-json\/wp\/v2\/categories?post=3836"},{"taxonomy":"post_tag","embeddable":true,"href":"https:\/\/pdr.lt\/en\/wp-json\/wp\/v2\/tags?post=3836"}],"curies":[{"name":"wp","href":"https:\/\/api.w.org\/{rel}","templated":true}]}}