{"id":3856,"date":"2021-03-22T12:46:19","date_gmt":"2021-03-22T09:46:19","guid":{"rendered":"https:\/\/pdr.lt\/?p=3856"},"modified":"2026-08-25T23:58:29","modified_gmt":"2026-08-25T20:58:29","slug":"desimt-su-puse-pdr","status":"publish","type":"post","link":"https:\/\/pdr.lt\/en\/desimt-su-puse-pdr\/","title":{"rendered":"Mantas Balakauskas. De\u0161imt su puse PDR"},"content":{"rendered":"<p class=\"wp-block-wd-paragraph wd-043edc83\">Suskai\u010diavau de\u0161imt su puse Poetini\u0173 Druskinink\u0173 ruden\u0173, kuriuose teko dalyvauti. Prad\u0117j\u0119s ra\u0161yti tik\u0117jausi, kad bus lengva sud\u0117lioti atsiminimus, kad lengvai para\u0161ysiu bent po kelis sakinius apie kiekvien\u0173 met\u0173 festival\u012f. Ta\u010diau viskas vyko lyg Fellinio filme, tarsi ratu eit\u0173 aktoriai. Galiausiai atsiminimai susiliejo \u012f vientis\u0105 mas\u0119. Sunku atskirti, kada nutiko vienas ar kitas \u012fvykis. Nusprend\u017eiau per daug d\u0117l to nesukdamas galvos leisti klaidoms b\u016bti mano netobulos atminties ir s\u0105lygi\u0161kumo testamentu.<\/p>\n\n\n\n<p class=\"wp-block-wd-paragraph wd-a718a8f3\">2010 m. pirm\u0105kart dalyvavau Poetiniame Druskinink\u0173 rudenyje. Su Ernestu Noreika ir d\u0117stytoja \u017dydrone Kolevinskiene va\u017eiavome vienam vakarui. Grei\u010diausiai Ernestas mane ir pakviet\u0117. Klaus\u0117m\u0117s jaun\u0173j\u0173 poet\u0173 skaitym\u0173. Juos ved\u0117 Au\u0161ra Kazili\u016bnait\u0117 ir Benediktas Janu\u0161evi\u010dius. Ai\u0161kiai jau\u010diau, kad vyksta keistas vakar\u0117lis, kurio dar iki galo nesuprantu. \u012e j\u012f \u012fsilieti neu\u017etenka poros valand\u0173, ypa\u010d kai nieko nepa\u017e\u012fsti. Kit\u0105 dien\u0105 su Pedagoginio universiteto filologais va\u017eiavome \u012f Klaip\u0117d\u0105. Tiek ir tebuvo to Poetinio Druskinink\u0173 rudens.<\/p>\n\n\n\n<p class=\"wp-block-wd-paragraph wd-f42b33f8\">2011 m. Poetinis Druskinink\u0173 festivalis man buvo pirmas oficialus. \u012e skaitymus pakviet\u0117 Mindaugas Nastaravi\u010dius. Pakviet\u0117 visus tris \u2013 Ernest\u0105 Noreik\u0105, Nerij\u0173 Cibulsk\u0105 ir mane. Pamenu, buvom visai nepinigingi studentai ir linksmyb\u0117ms labai tr\u016bko g\u0117ralo, be to, stipriai \u0161alo. Turb\u016bt labiausiai \u012fsimin\u0119s \u012fvykis \u2013 bok\u0161telio tarpduryje susid\u016brusi\u0173 dviej\u0173 poet\u0173, Dainiaus Gintalo ir Aivaro Veiknio, duend\u0117s<em>.<\/em> Taip pat gerai pamenu, kad Nerijus Cibulskas i\u0161 vis\u0173 \u0117m\u0117 interviu, \u012fra\u0161in\u0117jo \u012f telefon\u0105 festivalio nutikimus dialogo forma ir juos i\u0161\u0161ifrav\u0119s, nes sunku buvo suprasti apie k\u0105 kalbasi poetai tre\u010di\u0105 valand\u0105 nakties, publikavo juos \u201eKult\u016brpolio\u201c platformoje. Deja, tekstas platform\u0105 u\u017edarius tapo neprieinamas, tad norint j\u012f paskaityti reikia kreiptis \u012f autori\u0173.<\/p>\n\n\n\n<p class=\"wp-block-wd-paragraph wd-3d95043d\">2012-ieji buvo sunk\u016bs, nes tuo metu dirbau picerijoje, kuri man labai nepatiko ir kuriai labai nepatikau a\u0161. Tvyrojo abipus\u0117 neapykanta, tad Poetinis Druskinink\u0173 ruduo buvo svarbesnis. Pateikiau ultimatum\u0105. Jis skamb\u0117jo ma\u017edaug taip: arba va\u017eiuoju \u012f Druskininkus ir ateinu \u012f darb\u0105 pirmadien\u012f, arba a\u0161 vis tiek va\u017eiuoju \u012f Druskininkus ir \u012f darb\u0105 nebeateinu niekada. Mano ultimatumas suveik\u0117. Tai buvo vienas siautulingesni\u0173 PDR\u2018\u0173. I\u0161 kito vakar\u0117lio atsive\u017e\u0117m mo\u010diut\u0117s lazd\u0105 ir Nikodemo pypk\u0119, kuri\u0105 pardav\u0117m festivalio aukcione, o pinigus investavom \u012f g\u0117rimus. Buvome protingesni, pasisteng\u0117me, kad nieko netr\u016bkt\u0173.<\/p>\n\n\n\n<p class=\"wp-block-wd-paragraph wd-e8f7c910\">2013 m. Pamenu, buvo \u201ePelyno\u201c trauktin\u0117s, kuri\u0105 gerti gal\u0117jo nebent metalini\u0173 nerv\u0173 ir skrand\u017ei\u0173 \u017emon\u0117s. Kai kurie suprato, kad j\u0173 nervai ir skrand\u017eiai n\u0117ra i\u0161 gele\u017eies. Kai kurie tai pajuto va\u017eiuodami atgal namo.<\/p>\n\n\n\n<p class=\"wp-block-wd-paragraph wd-772971d4\">2014 m. Vienas griausmingiausi\u0173 PDR\u2018\u0173. Tais metais Ernestas Noreika buvo labai dosnus. Gr\u012f\u017e\u0119s i\u0161 po atostog\u0173, visai be miego, jis vai\u0161ino dalyvius \u0161ampanu. Pavai\u0161in\u0119s eidavo pails\u0117ti, po kurio laiko v\u0117l keldavosi vai\u0161inti. Ri\u010dardo \u0160ileikos tempiamas soste ant ratuk\u0173 sugeb\u0117jau i\u0161 jo i\u0161siversti, bet pa\u0161okau ant koj\u0173, tad patirta g\u0117da buvo minimali.<\/p>\n\n\n\n<p class=\"wp-block-wd-paragraph wd-543eacd5\">2015 m. Slov\u0117nei \u0160pelai Pavli\u010d mudu su Vytautu Stankumi ai\u0161kinome, kas tie cepelinai. Ji n\u0117 truput\u0117lio nenustebo, nes Balkan\u0173 gyventojus nustebinti riebiu maistu sunku. Buvo i\u0161rastas naujas \u017eodis \u201ebevog\u201c, kuris, priklausomai nuo nuotaikos, gal\u0117jo reik\u0161ti ir \u201e\u012f sveikat\u0105\u201c, ir \u0161\u012f t\u0105 grubesnio.<\/p>\n\n\n\n<p class=\"wp-block-wd-paragraph wd-72dc445f\">2016 m. PDR, po kurio gr\u012f\u017e\u0119 \u012f realyb\u0119 \u2013 \u012f Savanori\u0173 prospekt\u0105, \u2013 gul\u0117jome ant grind\u0173 ir klaus\u0117m\u0117s Natalie Imbruglia \u201eTorn\u201c. U\u017e lango pliaup\u0117 lietus, merkdamas ir taip jau far\u0161u virstan\u010dius nukritusius med\u017ei\u0173 lapus. Gryniausia rudeni\u0161kos nuotaikos esencija. Po \u0161io Druskinink\u0173 rudens gim\u0117 id\u0117ja: kasmet, baigiantis festivaliui, sekmadien\u012f, pietauti \u201eSenatori\u0173\u201c kavin\u0117je, o tada jau va\u017eiuoti namo ir laukti kit\u0173 met\u0173.<\/p>\n\n\n\n<p class=\"wp-block-wd-paragraph wd-d76aca6e\">2017 m. T\u0173 met\u0173 festivalis priklauso Ryanui Van Vinkliui. \u0160e\u0161tadienio nakt\u012f aptikome j\u012f su lagaminu laukiant\u012f l\u0117ktuvo \u201e\u0160irdel\u0117s\u201c prieigose. Vis dar neatsisakome minties para\u0161yti peticij\u0105, kad jis apsilankyt\u0173 dar kart\u0105. Tais metais buvo imtas rakinti bok\u0161telis. Nes\u0117kmingai. Sekmadienio ryt\u0105 plojimais palyd\u0117ti kartu su v\u0117liava i\u0161kelti K\u0119stu\u010dio Navako apatiniai.<\/p>\n\n\n\n<p class=\"wp-block-wd-paragraph wd-72f0496b\">2018 m. Su Ernestu Noreika vie\u0161bu\u010dio s\u0105lygomis gaminome \u201eBaltus rusus\u201c , tai kokteilis i\u0161 degtin\u0117s, pieno, kakavos likerio ir grietin\u0117l\u0117s. Juo vai\u0161inome festivalio dalyvius. Ne visus su\u017eav\u0117jo g\u0117rimo sud\u0117tis, bet dr\u0105suoli\u0173 vis d\u0117lto atsirado.<\/p>\n\n\n\n<p class=\"wp-block-wd-paragraph wd-a61b7625\">2019 m. Pritrint\u0173 koj\u0173 ruduo. Nor\u0117damas b\u016bti gra\u017eus pasipuo\u0161iau naujais <em>kerzais<\/em> , o v\u0117liau labai d\u0117l to gail\u0117jausi. Sekmadien\u012f nebepa\u0117jau. Iki \u201eSenatori\u0173\u201c kavin\u0117s slinkau am\u017einyb\u0119. Ant koj\u0173 atsiv\u0117r\u0117 de\u0161imties cent\u0173 dyd\u017eio \u017eaizdos. Atve\u017etas \u012f Vilni\u0173, namo va\u017eiavau taksi. Kur\u012f laik\u0105 vaik\u0161\u010diojau \u0161imtame\u010dio \u017eingsniukais.<\/p>\n\n\n\n<p class=\"wp-block-wd-paragraph wd-6901179a\">2020 m. Poetinis Druskinink\u0173 ruduo buvo pa\u017eenklintas visuotinio nerimo ir ne\u017einomyb\u0117s. Niekas ne\u017einojo, ar jis \u012fvyks. Laim\u0117s pauk\u0161t\u0117 mostel\u0117jo sparnu \u2013 ir jis nutiko. Muzika grojo iki pary\u010di\u0173. Gali b\u016bti, kad ji pirm\u0105 kart\u0105 niekam netrukd\u0117, nes aplink buvo tik dalyviai . Visi \u0161vent\u0117 tarytum paskutin\u012f kart\u0105 ruo\u0161damiesi nei\u0161vengiamam karantinui ir izoliacijai.<\/p>\n\n\n\n<p class=\"wp-block-wd-paragraph wd-c0a38ba7\">2021 m. ?<\/p>","protected":false},"excerpt":{"rendered":"","protected":false},"author":1,"featured_media":3858,"comment_status":"closed","ping_status":"closed","sticky":false,"template":"","format":"standard","meta":{"_acf_changed":false,"footnotes":""},"categories":[58,71],"tags":[73],"class_list":["post-3856","post","type-post","status-publish","format-standard","has-post-thumbnail","hentry","category-naujienos","category-poetai-apie-festivali","tag-tik-lt"],"acf":[],"_links":{"self":[{"href":"https:\/\/pdr.lt\/en\/wp-json\/wp\/v2\/posts\/3856","targetHints":{"allow":["GET"]}}],"collection":[{"href":"https:\/\/pdr.lt\/en\/wp-json\/wp\/v2\/posts"}],"about":[{"href":"https:\/\/pdr.lt\/en\/wp-json\/wp\/v2\/types\/post"}],"author":[{"embeddable":true,"href":"https:\/\/pdr.lt\/en\/wp-json\/wp\/v2\/users\/1"}],"replies":[{"embeddable":true,"href":"https:\/\/pdr.lt\/en\/wp-json\/wp\/v2\/comments?post=3856"}],"version-history":[{"count":3,"href":"https:\/\/pdr.lt\/en\/wp-json\/wp\/v2\/posts\/3856\/revisions"}],"predecessor-version":[{"id":4526,"href":"https:\/\/pdr.lt\/en\/wp-json\/wp\/v2\/posts\/3856\/revisions\/4526"}],"wp:featuredmedia":[{"embeddable":true,"href":"https:\/\/pdr.lt\/en\/wp-json\/wp\/v2\/media\/3858"}],"wp:attachment":[{"href":"https:\/\/pdr.lt\/en\/wp-json\/wp\/v2\/media?parent=3856"}],"wp:term":[{"taxonomy":"category","embeddable":true,"href":"https:\/\/pdr.lt\/en\/wp-json\/wp\/v2\/categories?post=3856"},{"taxonomy":"post_tag","embeddable":true,"href":"https:\/\/pdr.lt\/en\/wp-json\/wp\/v2\/tags?post=3856"}],"curies":[{"name":"wp","href":"https:\/\/api.w.org\/{rel}","templated":true}]}}