{"id":4028,"date":"2026-08-21T13:26:21","date_gmt":"2026-08-21T10:26:21","guid":{"rendered":"https:\/\/pdr.lt\/?p=4028"},"modified":"2026-08-21T13:28:24","modified_gmt":"2026-08-21T10:28:24","slug":"2015-istorija","status":"publish","type":"post","link":"https:\/\/pdr.lt\/en\/2015-istorija\/","title":{"rendered":"2015 Istorija"},"content":{"rendered":"<div data-elementor-type=\"wp-post\" data-elementor-id=\"4028\" class=\"elementor elementor-4028\">\n\t\t\t\t<div class=\"wd-negative-gap elementor-element elementor-element-87e12d6 e-flex e-con-boxed e-con e-parent\" data-id=\"87e12d6\" data-element_type=\"container\" data-e-type=\"container\">\n\t\t\t\t\t<div class=\"e-con-inner\">\n\t\t\t\t<div class=\"elementor-element elementor-element-ad3d4d1 color-scheme-inherit text-left elementor-widget elementor-widget-text-editor\" data-id=\"ad3d4d1\" data-element_type=\"widget\" data-e-type=\"widget\" data-widget_type=\"text-editor.default\">\n\t\t\t\t\t\t\t\t\t<div class=\"itemIntroText\"><p><strong>XXVI Druskininkai Poetic Fall, echoes of 2015<\/strong><\/p><p><strong>Theme: Writers\u2019 Block?<\/strong><\/p><p><strong>The 26th annual Druskininkai Poetic Fall (DPF) festival took place October 7-12, 2015, and more than 130 poets, literary critics, publishers from Lithuania and abroad, and festival organizers participated.<\/strong><\/p><\/div><div class=\"itemFullText\"><p>The Festival began with an evening of readings at the Mint Vinetu bookstore. Marius Burokas, one of the DPF Almanac\u2019s editors and translator Rimas U\u017egiris, together with international guests Tom Healy (USA), Maarja Kangro (Estonia), Leonard Kress (USA), and Sayaka Osaki (Japan) read 285 their works.<\/p><p>The principal poets whose work was also included in the DPF Almanac were: Va- liantsina Aksak (Belarus; translated by Vytas Dek\u0161nys); Milo\u0161 \u00d0ur\u0111evic (Croatia, translated by Laima Masyt\u0117); Gintaras Grajauskas (Lithuania; translated by Medein\u0117 Tribinevi\u010dius); Tom Healy (United States; translated by Marius Burokas); Jurgita Jasponyt\u0117 (Lithuania; translated by Rimas U\u017egiris); Maarja Kangro (Estonia; translated by Danut\u0117 Sirijos Girait\u0117); Elena Karnauskait\u0117 (Lithuania; translated by Ada Valaitis); Leonard Kress (United States; translated by Sonata Paliulyt\u0117); Robert Meskhi (Georgia; translated by Vytautas Stankus); Sayaka Osaki (Japan; translated by Vytautas Dum\u010dius); Donatas Petro\u0161ius (Lithuania; translated by Rimas U\u017egiris); Ahmed Shafie (Egypt; translated by Saudada Mockevic\u030ciu\u0304t\u0117); Antanas \u0160imkus (Lithuania; translated by Ada Valaitis); Inese Zandere (Latvia; translated by Vladas Brazi\u016bnas).<\/p><\/div>\t\t\t\t\t\t\t\t<\/div>\n\t\t\t\t<div class=\"elementor-element elementor-element-e9a622f elementor-widget__width-initial elementor-widget elementor-widget-video\" data-id=\"e9a622f\" data-element_type=\"widget\" data-e-type=\"widget\" data-settings=\"{&quot;youtube_url&quot;:&quot;https:\\\/\\\/www.youtube.com\\\/watch?v=GmDJOGfcQ0I&quot;,&quot;video_type&quot;:&quot;youtube&quot;,&quot;controls&quot;:&quot;yes&quot;}\" data-widget_type=\"video.default\">\n\t\t\t\t\t\t\t<div class=\"elementor-wrapper elementor-open-inline\">\n\t\t\t<div class=\"elementor-video\"><\/div>\t\t<\/div>\n\t\t\t\t\t\t<\/div>\n\t\t\t\t<div class=\"elementor-element elementor-element-10f339d color-scheme-inherit text-left elementor-widget elementor-widget-text-editor\" data-id=\"10f339d\" data-element_type=\"widget\" data-e-type=\"widget\" data-widget_type=\"text-editor.default\">\n\t\t\t\t\t\t\t\t\t<p>In 2015-2017 the \u201cDruskininkai Poetic Fall\u201d festival is part of the international poetry platform VERSOPOLIS. The theme of this project is \u201cWhere poetry lives\u201d. The goal is to promote young poets and provide an opportunity for them to read their work outside of their own countries. In 2015, the following five poets attended DPF as representatives of the project: \u0141ukasz Jarosz (Poland; translated by Vytas Dek\u0161nys); Ida Linde (Sweden; translated by Zita Ma\u017eeikait\u0117); Eva Luka (Slovakia; translated by Vytas Dek\u0161nys); Ilja Leonard Pfeijffer (Belgium; translated by Au\u0161ra Gudavi\u010di\u016bt\u0117); Eleanor Rees (Great Britain; translated by Dominykas Nork\u016bnas). The work of each of these five poets was published in a separate trilingual (Lithuanian, English, and original language) publication.<\/p><p>I\u0328vyko visi programoje numatyti festivalio renginiai: dveji almanacho poet\u0173 skaitymai, festivalio dalyvi\u0173, lietuvi\u0173 poet\u0173 ir jaun\u0173j\u0173 poet\u0173 skaitymai Druskininkuose, taip pat treji skaitymai Vilniuje \u2013 almanacho pristatymas, baigiamasis renginys bei pofestivaliniai skaitymai U\u017eupio kavin\u0117je.<\/p><p>Penktadien\u012f vyko konferencija tema \u201eBaim\u0117 \u2013 ra\u0161yti ar nera\u0161yti?\u201c, joje dalyvavo ir diskutavo poetai Kornelijus Platelis, Donatas Petro\u0161ius, Laima Kreivyt\u0117, psicholog\u0117 Aist\u0117 Dir\u017eyt\u0117 bei u\u017esienio sve\u010diai.<\/p>\t\t\t\t\t\t\t\t<\/div>\n\t\t\t\t<div class=\"elementor-element elementor-element-c4088e6 elementor-widget__width-initial elementor-widget elementor-widget-video\" data-id=\"c4088e6\" data-element_type=\"widget\" data-e-type=\"widget\" data-settings=\"{&quot;youtube_url&quot;:&quot;https:\\\/\\\/www.youtube.com\\\/watch?v=PhPPn6b75g4&quot;,&quot;video_type&quot;:&quot;youtube&quot;,&quot;controls&quot;:&quot;yes&quot;}\" data-widget_type=\"video.default\">\n\t\t\t\t\t\t\t<div class=\"elementor-wrapper elementor-open-inline\">\n\t\t\t<div class=\"elementor-video\"><\/div>\t\t<\/div>\n\t\t\t\t\t\t<\/div>\n\t\t\t\t<div class=\"elementor-element elementor-element-4147517 elementor-widget__width-initial elementor-widget elementor-widget-video\" data-id=\"4147517\" data-element_type=\"widget\" data-e-type=\"widget\" data-settings=\"{&quot;youtube_url&quot;:&quot;https:\\\/\\\/www.youtube.com\\\/watch?v=qah6eNczz_M&quot;,&quot;video_type&quot;:&quot;youtube&quot;,&quot;controls&quot;:&quot;yes&quot;}\" data-widget_type=\"video.default\">\n\t\t\t\t\t\t\t<div class=\"elementor-wrapper elementor-open-inline\">\n\t\t\t<div class=\"elementor-video\"><\/div>\t\t<\/div>\n\t\t\t\t\t\t<\/div>\n\t\t\t\t\t<\/div>\n\t\t\t\t<\/div>\n\t\t<div class=\"wd-negative-gap elementor-element elementor-element-3257b27 e-flex e-con-boxed e-con e-parent\" data-id=\"3257b27\" data-element_type=\"container\" data-e-type=\"container\">\n\t\t\t\t\t<div class=\"e-con-inner\">\n\t\t\t\t<div class=\"elementor-element elementor-element-ccaac2c color-scheme-inherit text-left elementor-widget elementor-widget-text-editor\" data-id=\"ccaac2c\" data-element_type=\"widget\" data-e-type=\"widget\" data-widget_type=\"text-editor.default\">\n\t\t\t\t\t\t\t\t\t<p>Tradici\u0161kai vyko ir alternatyvu\u016b festivalio renginiai: galerijoje \u201eSofa\u201c buvo atidaryta Gvido Latako miniati\u016br\u0173 paroda \u201eRiterio sapnas\u201c; kavin\u0117je \u201eBoulangerie\u201c pristatyta Ri\u010dardo \u0160ileikos paroda \u201e\u017dymenys\u201c. V. K. Jonyno galerijoje vyko Petro Rep\u0161io poetams skirtu\u0328 medaliu\u0328 parodos atidarymas, o M. K. \u010ciurlionio memorialiniame muziejuje surengtos grafikos ir kaligrafijos dirbtuv\u0117s.<\/p>\t\t\t\t\t\t\t\t<\/div>\n\t\t\t\t<div class=\"elementor-element elementor-element-c9a8067 elementor-widget__width-initial elementor-widget elementor-widget-video\" data-id=\"c9a8067\" data-element_type=\"widget\" data-e-type=\"widget\" data-settings=\"{&quot;youtube_url&quot;:&quot;https:\\\/\\\/www.youtube.com\\\/watch?v=xxeqH-Z9jsE&quot;,&quot;video_type&quot;:&quot;youtube&quot;,&quot;controls&quot;:&quot;yes&quot;}\" data-widget_type=\"video.default\">\n\t\t\t\t\t\t\t<div class=\"elementor-wrapper elementor-open-inline\">\n\t\t\t<div class=\"elementor-video\"><\/div>\t\t<\/div>\n\t\t\t\t\t\t<\/div>\n\t\t\t\t\t<\/div>\n\t\t\t\t<\/div>\n\t\t<div class=\"wd-negative-gap elementor-element elementor-element-fc58aee e-flex e-con-boxed e-con e-parent\" data-id=\"fc58aee\" data-element_type=\"container\" data-e-type=\"container\">\n\t\t\t\t\t<div class=\"e-con-inner\">\n\t\t\t\t<div class=\"elementor-element elementor-element-4a5efb9 color-scheme-inherit text-left elementor-widget elementor-widget-text-editor\" data-id=\"4a5efb9\" data-element_type=\"widget\" data-e-type=\"widget\" data-widget_type=\"text-editor.default\">\n\t\t\t\t\t\t\t\t\t<p>Penktadienio vakaro skaitymus ved\u0117 U\u0161ul\u0117 Gedait\u0117 ir Ri\u010dardas \u0160ileika, jaun\u0173j\u0173 skaitym\u0173 vakar\u0105 \u2013 Andrius Jaku\u010di\u016bnas ir Neringa Butnoriu\u0304t\u0117. Jaun\u0173j\u0173 poet\u0173 skaitymuose dalyvavo devyni jaunieji poetai.<\/p>\t\t\t\t\t\t\t\t<\/div>\n\t\t\t\t<div class=\"elementor-element elementor-element-4e86182 elementor-widget__width-initial elementor-widget elementor-widget-video\" data-id=\"4e86182\" data-element_type=\"widget\" data-e-type=\"widget\" data-settings=\"{&quot;youtube_url&quot;:&quot;https:\\\/\\\/www.youtube.com\\\/watch?v=bJ1xowt95s4&quot;,&quot;video_type&quot;:&quot;youtube&quot;,&quot;controls&quot;:&quot;yes&quot;}\" data-widget_type=\"video.default\">\n\t\t\t\t\t\t\t<div class=\"elementor-wrapper elementor-open-inline\">\n\t\t\t<div class=\"elementor-video\"><\/div>\t\t<\/div>\n\t\t\t\t\t\t<\/div>\n\t\t\t\t\t<\/div>\n\t\t\t\t<\/div>\n\t\t<div class=\"wd-negative-gap elementor-element elementor-element-d3a52d5 e-flex e-con-boxed e-con e-parent\" data-id=\"d3a52d5\" data-element_type=\"container\" data-e-type=\"container\">\n\t\t\t\t\t<div class=\"e-con-inner\">\n\t\t\t\t<div class=\"elementor-element elementor-element-a518c3a color-scheme-inherit text-left elementor-widget elementor-widget-text-editor\" data-id=\"a518c3a\" data-element_type=\"widget\" data-e-type=\"widget\" data-widget_type=\"text-editor.default\">\n\t\t\t\t\t\t\t\t\t<p>\u0160e\u0161tadien\u012f M. K. \u010ciurlionio memorialiniame muziejuje vyko lietuvi\u0173 poezijos skaitymai, juos vede\u0307 Dainius Gintalas. \u201eBubilo\u201c sale\u0307je \u012fvyko projekto VERSOPOLIS poet\u0173 skaitymai, juos vede\u0307 R\u016bta Elij\u0161aityt\u0117 ir Kotryna Pranck\u016bnait\u0117. Po j\u0173 ten pat vyko lietuvi\u0173 poet\u0173 skaitymai, juos ved\u0117 Emilija Visockait\u0117 ir Saulius Vasiliauskas.<\/p>\t\t\t\t\t\t\t\t<\/div>\n\t\t\t\t<div class=\"elementor-element elementor-element-4527d30 elementor-widget__width-initial elementor-widget elementor-widget-video\" data-id=\"4527d30\" data-element_type=\"widget\" data-e-type=\"widget\" data-settings=\"{&quot;youtube_url&quot;:&quot;https:\\\/\\\/www.youtube.com\\\/watch?v=X6yd3ARugAw&quot;,&quot;video_type&quot;:&quot;youtube&quot;,&quot;controls&quot;:&quot;yes&quot;}\" data-widget_type=\"video.default\">\n\t\t\t\t\t\t\t<div class=\"elementor-wrapper elementor-open-inline\">\n\t\t\t<div class=\"elementor-video\"><\/div>\t\t<\/div>\n\t\t\t\t\t\t<\/div>\n\t\t\t\t\t<\/div>\n\t\t\t\t<\/div>\n\t\t<div class=\"wd-negative-gap elementor-element elementor-element-a5cf1c1 e-flex e-con-boxed e-con e-parent\" data-id=\"a5cf1c1\" data-element_type=\"container\" data-e-type=\"container\">\n\t\t\t\t\t<div class=\"e-con-inner\">\n\t\t\t\t<div class=\"elementor-element elementor-element-a0453dc color-scheme-inherit text-left elementor-widget elementor-widget-text-editor\" data-id=\"a0453dc\" data-element_type=\"widget\" data-e-type=\"widget\" data-widget_type=\"text-editor.default\">\n\t\t\t\t\t\t\t\t\t<p>Kaip ir kiekvienais metais, surengtas PDR almanacho bei kit\u0173 per metus i\u0161leist\u0173 knyg\u0173 pristatymas, ma\u017eoji knyg\u0173 mug\u0117. \u0160e\u0161tadienio vakare vyko poezijos skaitymai ir baigiamasis festivalio renginys. Skaitymus ved\u0117 Violeta Bu\u010di\u016bt\u0117 ir Nerijus Cibulskas.<\/p>\t\t\t\t\t\t\t\t<\/div>\n\t\t\t\t<div class=\"elementor-element elementor-element-6f0ca57 elementor-widget__width-initial elementor-widget elementor-widget-video\" data-id=\"6f0ca57\" data-element_type=\"widget\" data-e-type=\"widget\" data-settings=\"{&quot;youtube_url&quot;:&quot;https:\\\/\\\/www.youtube.com\\\/watch?v=xIHIVVr6Ygc&quot;,&quot;video_type&quot;:&quot;youtube&quot;,&quot;controls&quot;:&quot;yes&quot;}\" data-widget_type=\"video.default\">\n\t\t\t\t\t\t\t<div class=\"elementor-wrapper elementor-open-inline\">\n\t\t\t<div class=\"elementor-video\"><\/div>\t\t<\/div>\n\t\t\t\t\t\t<\/div>\n\t\t\t\t\t<\/div>\n\t\t\t\t<\/div>\n\t\t<div class=\"wd-negative-gap elementor-element elementor-element-f5d5e83 e-flex e-con-boxed e-con e-parent\" data-id=\"f5d5e83\" data-element_type=\"container\" data-e-type=\"container\">\n\t\t\t\t\t<div class=\"e-con-inner\">\n\t\t\t\t<div class=\"elementor-element elementor-element-01d81f5 color-scheme-inherit text-left elementor-widget elementor-widget-text-editor\" data-id=\"01d81f5\" data-element_type=\"widget\" data-e-type=\"widget\" data-widget_type=\"text-editor.default\">\n\t\t\t\t\t\t\t\t\t<p>Baigiamajame renginyje poetui Rolandui Rastauskui u\u017e 2014 m. i\u0161leist\u0105 poezijos rinktin\u0119 \u201eVe\u0307liavos\u201c \u012fteikta Jotving\u0173\u0328 premi\u0105, o poetui Mindaugui Nastaravi\u010diui u\u017e 2014 m. i\u0161\u0117jus\u012f eil\u0117ra\u0161\u010di\u0173 rinkin\u012f \u201eMO\u201c \u2013 Jaunojo Jotvingio premija. Apdovanotas ir geriausias jaun\u0173j\u0173 k\u016br\u0117j\u0173 skaitymu\u0328 dalyvis \u2013 Antano A. Jonyno skiriam\u0105 priz\u0105 gavo poetas Dovydas Grajauskas.<\/p>\t\t\t\t\t\t\t\t<\/div>\n\t\t\t\t<div class=\"elementor-element elementor-element-b42085e elementor-widget__width-initial elementor-widget elementor-widget-video\" data-id=\"b42085e\" data-element_type=\"widget\" data-e-type=\"widget\" data-settings=\"{&quot;youtube_url&quot;:&quot;https:\\\/\\\/www.youtube.com\\\/watch?v=rQbiWlNSF7U&quot;,&quot;video_type&quot;:&quot;youtube&quot;,&quot;controls&quot;:&quot;yes&quot;}\" data-widget_type=\"video.default\">\n\t\t\t\t\t\t\t<div class=\"elementor-wrapper elementor-open-inline\">\n\t\t\t<div class=\"elementor-video\"><\/div>\t\t<\/div>\n\t\t\t\t\t\t<\/div>\n\t\t\t\t\t<\/div>\n\t\t\t\t<\/div>\n\t\t<div class=\"wd-negative-gap elementor-element elementor-element-f5d3582 e-flex e-con-boxed e-con e-parent\" data-id=\"f5d3582\" data-element_type=\"container\" data-e-type=\"container\">\n\t\t\t\t\t<div class=\"e-con-inner\">\n\t\t\t\t<div class=\"elementor-element elementor-element-dbc6afa color-scheme-inherit text-left elementor-widget elementor-widget-text-editor\" data-id=\"dbc6afa\" data-element_type=\"widget\" data-e-type=\"widget\" data-widget_type=\"text-editor.default\">\n\t\t\t\t\t\t\t\t\t<p>Po apdovanojim\u0173 tradici\u0161kai paskelbti ir apdovanoti anonimini\u0173 eil\u0117ra\u0161\u010di\u0173 konkursu\u0328 nugal\u0117tojai. Eil\u0117ra\u0161\u010diai buvo ra\u0161omi trimis temomis \u2013 vieno eil\u0117ra\u0161\u010dio, eil\u0117ra\u0161\u010dio tema \u201eBaltas lapas\u201c ir humoristinio eil\u0117ra\u0161\u010dio tema \u201eTing\u0117jimo d\u017eiaugsmai\u201c.<\/p>\t\t\t\t\t\t\t\t<\/div>\n\t\t\t\t<div class=\"elementor-element elementor-element-4652224 elementor-widget__width-initial elementor-widget elementor-widget-video\" data-id=\"4652224\" data-element_type=\"widget\" data-e-type=\"widget\" data-settings=\"{&quot;youtube_url&quot;:&quot;https:\\\/\\\/www.youtube.com\\\/watch?v=v6EFN1QMF5Q&quot;,&quot;video_type&quot;:&quot;youtube&quot;,&quot;controls&quot;:&quot;yes&quot;}\" data-widget_type=\"video.default\">\n\t\t\t\t\t\t\t<div class=\"elementor-wrapper elementor-open-inline\">\n\t\t\t<div class=\"elementor-video\"><\/div>\t\t<\/div>\n\t\t\t\t\t\t<\/div>\n\t\t\t\t\t<\/div>\n\t\t\t\t<\/div>\n\t\t<div class=\"wd-negative-gap elementor-element elementor-element-2dceec4 e-flex e-con-boxed e-con e-parent\" data-id=\"2dceec4\" data-element_type=\"container\" data-e-type=\"container\">\n\t\t\t\t\t<div class=\"e-con-inner\">\n\t\t\t\t<div class=\"elementor-element elementor-element-ec06aea color-scheme-inherit text-left elementor-widget elementor-widget-text-editor\" data-id=\"ec06aea\" data-element_type=\"widget\" data-e-type=\"widget\" data-widget_type=\"text-editor.default\">\n\t\t\t\t\t\t\t\t\t<p>Sekmadien\u012f festivalis persik\u0117l\u0117 \u012f Vilni\u0173, \u010dia PDR sve\u010diai bei laureatai dalyvavo skaitymuose \u0160iuolaikinio meno centro bibliotekoje. Skaitymus vede\u0307 R\u016bta Dubauskait\u0117 ir Rimas U\u017egiris, grojo Vytauto Labu\u010dio trio: Vytautas Labutis \u2013 saksofonas, Dmitrijus Golovanovas \u2013 klavi\u0161ai, Arkadijus Gotesmanas \u2013 mu\u0161amieji.<\/p><p>Pirmadienio vakar\u0105\u0328 U\u017eupio kavin\u0117je \u012fvyko tradiciniai pofestivaliniai skaitymai. Juose dalyvavo Dainius Gintalas, Mindaugas Nastaravi\u010dius, Donatas Petro\u0161ius ir Gytis Norvilas.<\/p>\t\t\t\t\t\t\t\t<\/div>\n\t\t\t\t<div class=\"elementor-element elementor-element-60a3536 elementor-widget__width-initial elementor-widget elementor-widget-video\" data-id=\"60a3536\" data-element_type=\"widget\" data-e-type=\"widget\" data-settings=\"{&quot;youtube_url&quot;:&quot;https:\\\/\\\/www.youtube.com\\\/watch?v=pXfZAePCpN0&quot;,&quot;video_type&quot;:&quot;youtube&quot;,&quot;controls&quot;:&quot;yes&quot;}\" data-widget_type=\"video.default\">\n\t\t\t\t\t\t\t<div class=\"elementor-wrapper elementor-open-inline\">\n\t\t\t<div class=\"elementor-video\"><\/div>\t\t<\/div>\n\t\t\t\t\t\t<\/div>\n\t\t\t\t\t<\/div>\n\t\t\t\t<\/div>\n\t\t\t\t<\/div>","protected":false},"excerpt":{"rendered":"<p>XXVI Poetinio Druskinink\u0173 rudens aidai Tema: Baim\u0117 \u2013 ra\u0161yti ar nera\u0161yti? XXVI Poetinis Druskinink\u0173 ruduo vyko 2015 met\u0173 spalio 7\u201312<\/p>","protected":false},"author":1,"featured_media":0,"comment_status":"closed","ping_status":"open","sticky":false,"template":"","format":"standard","meta":{"_acf_changed":false,"footnotes":""},"categories":[75],"tags":[],"class_list":["post-4028","post","type-post","status-publish","format-standard","hentry","category-istorija"],"acf":[],"_links":{"self":[{"href":"https:\/\/pdr.lt\/en\/wp-json\/wp\/v2\/posts\/4028","targetHints":{"allow":["GET"]}}],"collection":[{"href":"https:\/\/pdr.lt\/en\/wp-json\/wp\/v2\/posts"}],"about":[{"href":"https:\/\/pdr.lt\/en\/wp-json\/wp\/v2\/types\/post"}],"author":[{"embeddable":true,"href":"https:\/\/pdr.lt\/en\/wp-json\/wp\/v2\/users\/1"}],"replies":[{"embeddable":true,"href":"https:\/\/pdr.lt\/en\/wp-json\/wp\/v2\/comments?post=4028"}],"version-history":[{"count":5,"href":"https:\/\/pdr.lt\/en\/wp-json\/wp\/v2\/posts\/4028\/revisions"}],"predecessor-version":[{"id":4035,"href":"https:\/\/pdr.lt\/en\/wp-json\/wp\/v2\/posts\/4028\/revisions\/4035"}],"wp:attachment":[{"href":"https:\/\/pdr.lt\/en\/wp-json\/wp\/v2\/media?parent=4028"}],"wp:term":[{"taxonomy":"category","embeddable":true,"href":"https:\/\/pdr.lt\/en\/wp-json\/wp\/v2\/categories?post=4028"},{"taxonomy":"post_tag","embeddable":true,"href":"https:\/\/pdr.lt\/en\/wp-json\/wp\/v2\/tags?post=4028"}],"curies":[{"name":"wp","href":"https:\/\/api.w.org\/{rel}","templated":true}]}}