{"id":4342,"date":"2026-08-23T13:36:40","date_gmt":"2026-08-23T10:36:40","guid":{"rendered":"https:\/\/pdr.lt\/?p=4342"},"modified":"2026-08-24T23:57:08","modified_gmt":"2026-08-24T20:57:08","slug":"jan-skrob","status":"publish","type":"post","link":"https:\/\/pdr.lt\/en\/jan-skrob\/","title":{"rendered":"Jan \u0160krob (Czech Republic)"},"content":{"rendered":"<p class=\"wp-block-paragraph\">Jan \u0160krob was born in 1988 in Prague. He is the author of four poetry collections: Pod dla\u017ebou\n(Beneath the Pavement, 2016, nominated for the Magnesia Litera Discovery of the Year Award), Re\u00e1l (Reality, 2018, winner of the Ji\u0159\u00ed Orten Prize for a young author), Zem\u011b slunce (The Land of the Sun, 2021), and Zamo\u0159i (Overseas, 2026). In 2018, he received the Dresden Lyric Prize, awarded to Czech and\nGerman authors. A selection of his poems, off topic (2020), was published in German, and the\nselection Re\u00e1l (Reality) appeared in Polish in 2024. He sang in the bands Lipless Lincoln and The Sinners. He hosted a radio program on religion and society and collaborates with the Protestant press. <em>Pod dla\u017ebou <\/em>(<em>Po \u0161aligatviu<\/em>, 2016, nominacija \u201eMagnesia Litera\u201c premijai \u201eMet\u0173 atradimas\u201c), <em>Re\u00e1l <\/em>(<em>Tikrov\u0117<\/em>, 2018, Ji\u0159io Orteno premija jaunam autoriui), <em>Zem\u011b slunce<\/em> (<em>Saul\u0117s \u017eem\u0117<\/em>, 2021), <em>Zamo\u0159i <\/em>(<em>U\u017ej\u016bris<\/em>, 2026). 2018 m. apdovanotas Drezdeno lyrikos<br>premija, teikiama \u010dek\u0173 ir vokie\u010di\u0173 autoriams. Vokie\u010di\u0173 kalba i\u0161leista eil\u0117ra\u0161\u010di\u0173 rinktin\u0117<em> off topic<\/em> (2020), lenki\u0161kai \u2013 rinkinys<em> Real <\/em>(2024). Dainavo grup\u0117se \u201eLipless Lincoln\u201c ir \u201ethe Sinners\u201c. Ved\u0117 radijo laid\u0105 apie religij\u0105 ir visuomen\u0119, bendradarbiauja su evangelik\u0173 spauda.<\/p>\n\n\n\n<p class=\"wp-block-wd-paragraph wd-d83e1968\">Photo by Maria Schormov\u00e1<\/p>","protected":false},"excerpt":{"rendered":"<p>Jan \u0160krob gim\u0117 1988 m. Prahoje. Keturi\u0173 poezijos rinkini\u0173 autorius: Pod dla\u017ebou (Po \u0161aligatviu, 2016, nominacija \u201eMagnesia Litera\u201c premijai \u201eMet\u0173<\/p>","protected":false},"author":2,"featured_media":4324,"comment_status":"closed","ping_status":"closed","sticky":false,"template":"","format":"standard","meta":{"_acf_changed":false,"footnotes":""},"categories":[57,67],"tags":[],"class_list":["post-4342","post","type-post","status-publish","format-standard","has-post-thumbnail","hentry","category-poetai","category-poetai-2026"],"acf":[],"_links":{"self":[{"href":"https:\/\/pdr.lt\/en\/wp-json\/wp\/v2\/posts\/4342","targetHints":{"allow":["GET"]}}],"collection":[{"href":"https:\/\/pdr.lt\/en\/wp-json\/wp\/v2\/posts"}],"about":[{"href":"https:\/\/pdr.lt\/en\/wp-json\/wp\/v2\/types\/post"}],"author":[{"embeddable":true,"href":"https:\/\/pdr.lt\/en\/wp-json\/wp\/v2\/users\/2"}],"replies":[{"embeddable":true,"href":"https:\/\/pdr.lt\/en\/wp-json\/wp\/v2\/comments?post=4342"}],"version-history":[{"count":1,"href":"https:\/\/pdr.lt\/en\/wp-json\/wp\/v2\/posts\/4342\/revisions"}],"predecessor-version":[{"id":4343,"href":"https:\/\/pdr.lt\/en\/wp-json\/wp\/v2\/posts\/4342\/revisions\/4343"}],"wp:featuredmedia":[{"embeddable":true,"href":"https:\/\/pdr.lt\/en\/wp-json\/wp\/v2\/media\/4324"}],"wp:attachment":[{"href":"https:\/\/pdr.lt\/en\/wp-json\/wp\/v2\/media?parent=4342"}],"wp:term":[{"taxonomy":"category","embeddable":true,"href":"https:\/\/pdr.lt\/en\/wp-json\/wp\/v2\/categories?post=4342"},{"taxonomy":"post_tag","embeddable":true,"href":"https:\/\/pdr.lt\/en\/wp-json\/wp\/v2\/tags?post=4342"}],"curies":[{"name":"wp","href":"https:\/\/api.w.org\/{rel}","templated":true}]}}