{"id":4828,"date":"2026-09-03T08:30:09","date_gmt":"2026-09-03T05:30:09","guid":{"rendered":"https:\/\/pdr.lt\/?p=4828"},"modified":"2026-09-03T09:16:51","modified_gmt":"2026-09-03T06:16:51","slug":"viesnia-is-latvijos-liva-marta-roze-normalybes-siekis-bergzdzias-reikalas","status":"publish","type":"post","link":"https:\/\/pdr.lt\/en\/viesnia-is-latvijos-liva-marta-roze-normalybes-siekis-bergzdzias-reikalas\/","title":{"rendered":"Vie\u0161nia i\u0161 Latvijos L\u012bva Marta Roze: \u201eNormalyb\u0117s\u201c siekis \u2013 berg\u017ed\u017eias reikalas\u201c"},"content":{"rendered":"<p class=\"wp-block-wd-paragraph wd-43d18996\"><em>\u201ePoezija man yra erdv\u0117, kur galiu b\u016bti tikriausia savimi\u201c, \u2013 sako Latvijos jaunosios kartos poet\u0117 L\u012bva Marta Roze. Jos poezijoje \u012fvairios kasdienyb\u0117s detal\u0117s (autobusai, suknel\u0117s, cigaret\u0117s, apelsin\u0173 sultys) susipina su k\u016bno patirtimis, prisiminimais, g\u0117da, vienatve ir vidiniu chaosu. \u201eKai esi tikra, stipriai rizikuoji ka\u017ekam nepatikti\u201c, \u2013 sako poet\u0117, prisipa\u017e\u012fstanti, kad kasdienyb\u0117je jai svarbu pritapti ir b\u016bti m\u0117gstamai, ta\u010diau poezijoje ji leid\u017eia pasireik\u0161ti kitai \u2013 mai\u0161tingesnei \u2013 savo pusei.<br><br>1998 m. Rygoje gimusi ir kaime prie Pededz\u0117s up\u0117s u\u017eaugusi poet\u0117 i\u0161 prad\u017ei\u0173 pasirinko biologijos studijas Latvijos universitete, v\u0117liau studijavo kult\u016br\u0105 ir menus Latvijos kult\u016bros akademijoje, taip pat sociologij\u0105 ir politikos mokslus Islandijoje bei angl\u0173 literat\u016br\u0105 Norvegijoje. Nuo 2020 m. jos poezija ir kritikos tekstai publikuojami Latvijos spaudoje. 2024 m. pasirod\u0119s pirmasis eil\u0117ra\u0161\u010di\u0173 rinkinys \u201eStrukt\u016bra\u201d (Punctum) peln\u0117 Oj\u0101ro V\u0101cie\u010dio premij\u0105 ir buvo nominuotas Latvijos literat\u016bros met\u0173 apdovanojimui (LALIGABA) u\u017e geriausi\u0105 debiut\u0105.<br><br>2026 m. rugs\u0117jo 23\u201327 dienomis L\u012bva Marta Roze laukiama vie\u0161nia tarptautiniame literat\u016bros festivalyje \u201ePoetinis Druskinink\u0173 ruduo\u201c, kuris vyks Vilniuje ir Druskininkuose. Su autore kalbam\u0117s apie jos poetinio balso formavim\u0105si, skirting\u0173 patir\u010di\u0173 poveik\u012f k\u016brybai, k\u016bn\u0105, atmint\u012f ir vidin\u012f chaos\u0105.<\/em><\/p>\n\n\n\n<figure class=\"wp-block-image size-full\"><img loading=\"lazy\" decoding=\"async\" width=\"1024\" height=\"850\" src=\"https:\/\/pdr.lt\/wp-content\/uploads\/2026\/09\/Gints-Ivuskans-nuotr.jpg\" alt=\"\" class=\"wp-image-4829\" srcset=\"https:\/\/pdr.lt\/wp-content\/uploads\/2026\/09\/Gints-Ivuskans-nuotr.jpg 1024w, https:\/\/pdr.lt\/wp-content\/uploads\/2026\/09\/Gints-Ivuskans-nuotr-300x249.jpg 300w, https:\/\/pdr.lt\/wp-content\/uploads\/2026\/09\/Gints-Ivuskans-nuotr-768x638.jpg 768w, https:\/\/pdr.lt\/wp-content\/uploads\/2026\/09\/Gints-Ivuskans-nuotr-14x12.jpg 14w, https:\/\/pdr.lt\/wp-content\/uploads\/2026\/09\/Gints-Ivuskans-nuotr-150x125.jpg 150w\" sizes=\"auto, (max-width: 1024px) 100vw, 1024px\" \/><figcaption class=\"wp-element-caption\">L\u012bva Marta Roze. Nuotr. aut. Gints Ivu\u0161k\u0101ns<\/figcaption><\/figure>\n\n\n\n<p class=\"wp-block-wd-paragraph wd-4e7bd4a9\"><strong>Gimei Rygoje, bet augai kaime netoli Pededz\u0117s up\u0117s, o v\u0117liau gr\u012f\u017eai \u012f Ryg\u0105 studijuoti. Esi sakiusi, kad miestas ir kelion\u0117s vie\u0161uoju transportu tau padeda ra\u0161yti, o mi\u0161kas leid\u017eia nusiraminti ir \u201enutildyti mintis\u201c. Kaip \u0161ios dvi skirtingos aplinkos veikia tavo k\u016bryb\u0105? <\/strong><strong><br><\/strong><strong><br><\/strong>Man tikrai reikia abiej\u0173 \u0161i\u0173 aplink\u0173, kad gerai jaus\u010diausi \u2013 tiek kaip \u017emogus, tiek kaip ra\u0161ytoja. Miesto judrumas man svarbus tam, kad \u201ei\u0161sijudint\u0173\u201c ir k\u016brybinis procesas, kad su draugais ir kolegomis gal\u0117\u010diau keistis id\u0117jomis, energija. O kaimo ar gamtos tyla ir vienatv\u0117 reikalingos tam, kad gal\u0117\u010diau susikaupti, ka\u017ek\u0105 nuveikti ir pasikrauti vidin\u0119 baterij\u0105.<\/p>\n\n\n\n<p class=\"wp-block-wd-paragraph wd-d4bfc4ea\"><strong>Netrukus tav\u0119s laukia dar viena kelion\u0117 \u2013 \u0161\u012fkart \u012f Lietuv\u0105. Rugs\u0117j\u012f susitiksime \u201ePoetiniame Druskinink\u0173 rudenyje\u201d. Lietuvos skaitytojai jau tur\u0117jo prog\u0105 susipa\u017einti su tavo k\u016bryba i\u0161 vertim\u0173 kult\u016brin\u0117je spaudoje. Ar tau svarbu, kaip tavo poezija skamba ir yra skaitoma kitos Baltijos \u0161alies kontekste? <\/strong><strong><br><\/strong><strong><br><\/strong>Jei atvirai \u2013 i\u0161 ties\u0173 nelabai galvoju, kaip mano poezija skamba kitame kontekste. \u010cia jau tegul literat\u016bros tyrin\u0117tojai suka galvas. Jei mano poezija kam nors rezonuoja \u2013 labai smagu. Jei ne \u2013 na, irgi nieko tokio. Kalbant apie Baltijos poet\u0173 santykius, ka\u017ekada buvau \u012fsimyl\u0117jusi jaun\u0105 lietuvi\u0173 poet\u0105. Ta\u010diau dabar mes jau nebesikalbame. <em>(\u0161ypsosi)<\/em><strong><br><\/strong><strong><br><\/strong><strong>Ar tau apskritai egzistuoja toks dalykas kaip Baltijos poezija? Jei taip, kas j\u0105 sieja?<\/strong><strong><br><\/strong><strong><br><\/strong>Kasdienyb\u0117je \u2013 nelabai. Vis d\u0117lto kart\u0105 dalyvavau projekte \u201eCirca Seven Celsius\u201c, skirtame jauniems Baltijos \u0161ali\u0173 ra\u0161ytojams. Taip pat neseniai ra\u0161iau recenzij\u0105 apie Latvijoje pasirod\u017eiusi\u0105 \u0161iuolaikin\u0117s est\u0173 poezijos antologij\u0105 \u2013 skaitydama i\u0161ties pajutau ry\u0161\u012f su jos temomis bei esti\u0161ku rai\u0161kos b\u016bdu.<\/p>\n\n\n\n<p class=\"wp-block-wd-paragraph wd-316cb0da\"><strong>Tavo debiutin\u0117s poezijos knygos, pelniusios Oj\u0101ro V\u0101cie\u010dio premij\u0105, pavadinimas \u201eStrukt\u016bra\u201c <\/strong><strong><em>(Punctum)<\/em><\/strong><strong>. Ta\u010diau skaitant tavo eil\u0117ra\u0161\u010dius susidaro beveik prie\u0161ingas \u012fsp\u016bdis: juose daug netik\u0117t\u0173 asociacij\u0173, atminties \u0161uoli\u0173, atsitiktini\u0173 detali\u0173 ir chaoso. Ar poezijoje strukt\u016bra yra b\u016bdas t\u0105 chaos\u0105 suvaldyti, atrasti jame \u0161ioki\u0105 toki\u0105 tvark\u0105?<\/strong><strong><br><\/strong><strong><br><\/strong>Knygos pavadinimas atsirado visai atsitiktinai, bet a\u0161 i\u0161 ties\u0173 esu \u017emogus, kuriam strukt\u016bra labai svarbi. Nepaisant to, o gal kaip tik d\u0117l to \u2013 nes vidiniame mano pasaulyje i\u0161 ties\u0173 vie\u0161patauja chaosas. Kiek save prisimenu, buvau tiesiog priklausoma nuo iliuzijos, kad kontroliuoju savo emocijas, reakcijas ir apskritai gyvenim\u0105. Bet visada ima ir nutinka kas nors netik\u0117to, nekontroliuojamo ir ta iliuzija i\u0161spr\u016bsta. Tam, kad susitvarky\u010diau su bardaku, kankinuosi ir ra\u0161au eil\u0117ra\u0161\u010dius.<strong><br><\/strong><strong><br><\/strong><strong>Tavo poezijoje daug kasdienyb\u0117s detali\u0173, atsitiktinai sutikt\u0173 \u017emoni\u0173. Atrodo, kad eil\u0117ra\u0161tis gali prasid\u0117ti nuo ko nors visi\u0161kai paprasto, i\u0161 pirmo \u017evilgsnio net nereik\u0161mingo. Kaip atpa\u017e\u012fsti, kad kasdienyb\u0117s detal\u0117 gali virsti eil\u0117ra\u0161\u010diu?<\/strong><strong><br><\/strong><strong><br><\/strong>Tiesiog pajuntu. Mane apima labai konkretus jausmas, ir tada turiu kuo grei\u010diau visk\u0105 u\u017esira\u0161yti, kad pamaty\u010diau, kur tai nuves. Bet pati to jausmo niekaip negaliu i\u0161\u0161aukti. Jis tiesiog mane u\u017evaldo, o a\u0161 esu d\u0117kinga, kai taip nutinka.<strong><br><\/strong><strong><br><\/strong><strong>Festivalio almanache publikuotame eil\u0117ra\u0161tyje \u201eVidurin\u0117\u201c kelis kartus gr\u012f\u017eti prie klausimo \u201ekas ten dabar atsimins?\u201c, o prisiminim\u0105 lydi abejon\u0117: \u201ekas atsine\u0161\u0117 t\u0173 cigar\u0173? kas ten dabar atsimins\u201c, \u201ekieno tas veipas buvo? kas ten dabar atsimins\u201c (vert\u0117 Dominykas Nork\u016bnas). Ta\u010diau kartu tiksliai atkuri vien\u0105 nakt\u012f \u2013 basein\u0105, cigaretes, kelion\u0119 \u012f raket\u0173 baz\u0119, Lenino galvos skulpt\u016br\u0105, svetim\u0105 but\u0105 ir v\u0117jaraupius kit\u0105 ryt\u0105. Ar ra\u0161ydama bandai i\u0161saugoti praeit\u012f, ar tave labiau domina tai, kaip pati atmintis j\u0105 i\u0161kraipo, fragmentuoja ir perkuria?<\/strong><\/p>\n\n\n\n<p class=\"wp-block-wd-paragraph wd-b4ff8189\">Net kai ra\u0161au apie tikrus praeities \u012fvykius, tekstas vis tiek yra pakoreguotas: interpretuotas, papildytas fantazijomis. \u0160tai kod\u0117l tai yra eil\u0117ra\u0161tis, o ne dienora\u0161\u010dio \u012fra\u0161as. Ir niekas niekada nesu\u017einos, kuri detal\u0117 yra visi\u0161kai tikra, o kuri \u2013 pakeista. Man poezijoje b\u016btent tai ir patinka. Viena vertus, ra\u0161au savo gyvenimo istorij\u0105. Kita vertus \u2013 skaitytojui parodau tik tai, k\u0105 pati laikau verta parodyti, ir tik taip, kaip pati noriu tai rodyti.<\/p>\n\n\n\n<p class=\"wp-block-wd-paragraph wd-513b6a66\"><strong>Kitame eil\u0117ra\u0161tyje ra\u0161ai: \u201esvarbi\u0173 dalyk\u0173 niekada ne\u012fsimenu \/ mintis tai tik mintis \/ jausmas tik jausmas \/ o veiksmas tik veiksmas\u201c. Ta\u010diau pats tekstas pilnas netik\u0117tai i\u0161nyran\u010di\u0173 prisiminim\u0173. Ar bandymas atsiriboti nuo min\u010di\u0173 ir jausm\u0173 i\u0161 ties\u0173 \u012fmanomas?<\/strong><\/p>\n\n\n\n<p class=\"wp-block-wd-paragraph wd-aca1b286\">Siekis atsiriboti nuo savo min\u010di\u0173 ir jausm\u0173 yra mano bandymo suvaldyti vidin\u012f chaos\u0105 dalis. Ir, \u017einoma, da\u017eniausiai tai nesuveikia. <em>(juokiasi) <\/em>\u0160tai jums ir visi tie \u012f pavir\u0161i\u0173 kylantys prisiminimai.<\/p>\n\n\n\n<p class=\"wp-block-wd-paragraph wd-d55acefd\"><strong>Savo eil\u0117ra\u0161\u010diuose vis gr\u012f\u017eti \u012f paauglyst\u0119, o kartu \u2013 \u012f konkre\u010dius to laikme\u010dio \u017eenklus. Pavyzd\u017eiui, eil\u0117ra\u0161tyje apie sukneles prisimeni \u0161ok\u012f pagal \u201eModern Talking\u201c. Kokia pati buvai paauglyst\u0117je? K\u0105 tuo metu skaitei, kokius filmus \u017ei\u016br\u0117jai, kuo dom\u0117jaisi? Ar jauti, kad tie metai kaip nors formavo ir tavo poetin\u012f bals\u0105?<br><br><\/strong>Man visada truput\u012f sud\u0117tinga atsakyti \u012f tokius klausimus kaip \u201ekokia buvai \/ kokia esi\u201c, nes jau\u010diu, kad manyje vienu metu egzistuoja daugyb\u0117 skirting\u0173 mano versij\u0173. O \u012f pavir\u0161i\u0173 i\u0161kylanti versija da\u017enai labai priklauso nuo \u017emoni\u0173, kurie tuo metu yra \u0161alia. <\/p>\n\n\n\n<p class=\"wp-block-wd-paragraph wd-1736002d\">Ta\u010diau paauglyst\u0117je tikrai buvau daug cini\u0161kesn\u0117 ir ni\u016bresn\u0117. Nors tuo metu dar nebuvau perskai\u010diusi \u201eRugiuose prie bedugn\u0117s\u201c, vis tiek buvau \u201eka\u017ekas \u012f t\u0105 pus\u0119\u201d. Kadangi mokykloje man sek\u0117si gerai, gal\u0117jau sau leisti b\u016bti cini\u0161ka ir mai\u0161tinga be didesni\u0173 pasekmi\u0173. Tur\u0117jau puiki\u0173 klas\u0117s draugi\u0173, bet laik\u0105 da\u017eniausiai leisdavau su vaikinais: rengiausi kitaip nei dauguma mergin\u0173, o ma\u017eame miestelyje tai beveik socialin\u0117 savi\u017eudyb\u0117. <em>(\u0161ypsosi)<\/em> Tur\u0117jau nedidel\u0119 smagi\u0173 draug\u0173 kompanij\u0105 ir buvau \u017eiauriai \u012fsimyl\u0117jusi vien\u0105 bi\u010d\u0105, bet vis tiek kartais jausdavausi vieni\u0161a. Popietes da\u017enai leisdavau parke, skaitydama Tolstoj\u0173 arba tiesiog slampin\u0117dama. Tuo metu para\u0161iau ir pirmuosius savo eil\u0117ra\u0161\u010dius, taigi ka\u017ekoks mano poetinio balso \u201eformavimasis\u201c tada tikrai \u012fvyko.<\/p>\n\n\n\n<p class=\"wp-block-wd-paragraph wd-4164291f\"><strong>Esi jaunosios kartos poet\u0117. Ar pastebi, kokios temos sieja ra\u0161an\u010dius tavo bendraam\u017eius? Kas \u0161iandien labiausiai r\u016bpi jauniems Latvijos poetams? <br><br><\/strong>Man atrodo, kad \u012fvyko did\u017eiulis pos\u016bkis nuo postmodernios ironijos ir cinizmo link nuo\u0161irdumo ir pa\u017eeid\u017eiamumo. Poezijoje jau \u201egalima\u201d b\u016bti pa\u017eeid\u017eiamam: galima parodyti, kur skauda, kalb\u0117ti apie traumines patirtis. Poezijos ra\u0161ymas gali gydyti, o pasidalijimas savo istorija \u2013 pad\u0117ti kitam pasijusti ma\u017eiau vieni\u0161am. Ir man atrodo, kad toks po\u017ei\u016bris jaunesnei kartai b\u016bdingas labai nat\u016braliai. Tai ne \u0161iaip kokia tendencija, o kitoks gyvenimo b\u016bdas.<\/p>\n\n\n\n<p class=\"wp-block-wd-paragraph wd-5199ccde\"><strong>Studijavai gana skirtingus dalykus \u2013 nuo biologijos iki sociologijos, politikos moksl\u0173 ir angl\u0173 literat\u016bros. Ko ie\u0161kojai kiekvienoje i\u0161 \u0161i\u0173 sri\u010di\u0173 ir k\u0105 i\u0161 j\u0173 \u201eatsine\u0161ei\u201c \u012f poezij\u0105? Ar \u0161ios dvi i\u0161silavinimo kryptys (mokslin\u0117 ir humanitarin\u0117) daro \u012ftak\u0105 tam, kaip \u017evelgi \u012f \u017emones ir pasaul\u012f?<br><br><\/strong>Na, mokykloje man gerai sek\u0117si visi dalykai, i\u0161skyrus k\u016bno kult\u016br\u0105 ir ekonomik\u0105, o literat\u016br\u0105 ir biologij\u0105 mokiausi i\u0161skirtinai gerai. Be to, esu i\u0161 biolog\u0173 \u0161eimos, nors m\u016bs\u0173 namuose buvo \u012fvairiausi\u0173 \u017emoni\u0173. Baigusi mokykl\u0105 i\u0161vykau studijuoti biologijos, nes tai atrod\u0117 ka\u017ekas saugaus ir pa\u017e\u012fstamo, o man tai patiko. Ta\u010diau nesijau\u010diau laiminga. Taigi baigiau studijas, ir i\u0161kart po to \u012fstojau \u012f Latvijos kult\u016bros akademij\u0105. I\u0161 \u0161alies galb\u016bt atrodo, kad ty\u010dia apsisunkinau ir gyvenimo keli\u0105 pasirinkau kuo sud\u0117tingesn\u012f, bet d\u0117l n\u0117 vieno savo sprendimo nesigailiu. Visa sukaupta patirtis praturtina mane ir kaip \u017emog\u0173, ir kaip ra\u0161ytoj\u0105. Ankstyvieji mano eil\u0117ra\u0161\u010diai pilni biologini\u0173 nuorod\u0173, kuri\u0173 \u0161iandien pati nebesuprantu, ta\u010diau tuo metu tai buvo kalba, kuria buvo nat\u016braliausia ir lengviausia save i\u0161reik\u0161ti. Apsiriboti viena konkre\u010dia sritimi man b\u016bt\u0173 nuobodu. Gal skamba pretenzingai, bet mano idealas yra \u201erenesanso \u017emogus\u201c \u2013 \u017emogus, gerai i\u0161silavin\u0119s \u012fvairiose srityse.<\/p>\n\n\n\n<p class=\"wp-block-wd-paragraph wd-17587e1f\"><strong>Viename savo eil\u0117ra\u0161\u010di\u0173 ra\u0161ai apie \u201ebalt\u0173j\u0173 bateli\u0173 \u017emones\u201c \u2013 tuos, kurie \u0161neka \u201eromios normalyb\u0117s kalba \/ sveikatingumo \/ savipakankamumo ir savikliovos kalba\u201d. Taip pat ra\u0161ai: \u201etarp j\u0173 ir man\u0119s \u017eioji ply\u0161ys, \/ kurio niekada ne\u012fveiksiu\u201c. K\u0105 tau rei\u0161kia \u0161i \u201enormalyb\u0117\u201c? Ar manai, kad poezija leid\u017eia kalb\u0117ti i\u0161 ply\u0161io pus\u0117s, i\u0161 ten, kur neb\u016btina apsimesti, kad viskas tvarkoje? <\/strong><strong><br><\/strong><strong><br><\/strong>Jau\u010diu, kad tos \u201enormalyb\u0117s\u201c savo gyvenime ne kart\u0105 desperati\u0161kai siekiau, ta\u010diau dabar esu pakankamai subrendusi suprasti, kad tai \u2013 berg\u017ed\u017eias reikalas. Kai pagaliau nustoji to siekti ir priimi save toki\u0105, kokia esi (taip, \u017einau, skamba banaliai), tai i\u0161laisvina. Kiek save prisimenu, man visada buvo sunku perprasti tam tikrus socialinius signalus, atlikti, atrodyt\u0173, visai paprastas u\u017eduotis. Kartais galiu b\u016bti patologi\u0161kai drovi, o paskui staiga atsipalaiduoti, pasakyti ne tai, k\u0105 der\u0117t\u0173, arba pasirodyti pernelyg intensyvi. <em>(juokiasi) <\/em>Poezija man neabejotinai tapo erdve, kur galiu saugiai reik\u0161tis tokia, kokia esu. Tai vieta, kur mano intensyvumas ir keistumas yra ne smerkiami, o, prie\u0161ingai, netgi vertinami. Per literat\u016br\u0105 atradau savus \u017emones. Daug puiki\u0173 draug\u0173 ir pa\u017e\u012fstam\u0173, kurie net keistesni u\u017e mane!<\/p>\n\n\n\n<p class=\"wp-block-wd-paragraph wd-09f256fb\"><strong>Tavo poezijoje k\u016bnas konkretus ir \u017eemi\u0161kas \u2013 prakaituojantis, geid\u017eiantis, sergantis, neskustas, kartais keliantis nejaukum\u0105. Eil\u0117ra\u0161tyje apie apsipirkim\u0105 ra\u0161ai: \u201estaiga pajutau, \/ kad n\u0117ra jokio esminio skirtumo \/ tarp man\u0119s ir m\u0117sos, sukrautos ant prekystalio\u201c. Kas tau pa\u010diai \u012fdomiausia ra\u0161ant apie k\u016bn\u0105? <br><br><\/strong>Ties\u0105 sakant, net ne\u017einau. Ra\u0161yti apie k\u016bni\u0161kus i\u0161gyvenimus man yra lygiai taip pat nat\u016bralu, kaip ra\u0161yti apie proto ar dvasios dalykus. Vakar\u0173 civilizacija (atsipra\u0161au, kad v\u0117l naudoju abejotin\u0105 dichotomij\u0105) d\u0117l krik\u0161\u010dionyb\u0117s ir Senov\u0117s Graikijos filosofijos \u012ftakos ypatingai susitelk\u0117 \u012f prot\u0105 ir dvasi\u0105. K\u016bni\u0161ki i\u0161gyvenimai buvo laikomi ne\u0161variais arba nesvarbiais. Man tai atrodo tiesiog juokinga, nors ir nesu s\u0105moningai prad\u0117jusi su tuo kovoti. Man i\u0161vis ner\u016bpi. Tiesiog ra\u0161au apie tai, kas man atrodo svarbu. O kaip k\u016bnas gal\u0117t\u0173 b\u016bti nesvarbus, jeigu be k\u016bno apskritai negal\u0117tume b\u016bti gyvi?<strong><br><br>Atvirai ra\u0161ai ir apie seksualum\u0105, g\u0117d\u0105, vienatv\u0119, psichikos sunkumus. Ta\u010diau poetinis subjektas retai skamba taip, lyg nor\u0117t\u0173 pasiteisinti. Ar tau svarbu poezijoje palikti vietos nepatogiai, prie\u0161taringai, ne visada simpati\u0161kai savo pusei?<br><br><\/strong>Min\u0117jau, kad poezija man yra erdv\u0117, kur galiu b\u016bti tikriausia savimi. O b\u016bti tikrai rei\u0161kia b\u016bti nepatogiai ir prie\u0161taringai. Juk kai esi tikra, stipriai rizikuoji ka\u017ekam nepatikti.<br>Kasdienyb\u0117je man i\u0161 tikr\u0173j\u0173 gana svarbu, ar \u017emon\u0117s mane m\u0117gsta, ar ne. Noriu pritapti, noriu patikti. Tai pavir\u0161inis mano asmenyb\u0117s sluoksnis. Bet giliau manyje gyvena mai\u0161tingoji dalis. \u0160ioms dviem mano pus\u0117ms sunkoka sugyventi, bet galiausiai pasiek\u0117me kompromis\u0105: tai mai\u0161tingajai daliai leid\u017eiu pasireik\u0161ti mano poezijoje. Kol kas visai neblogai sekasi.<\/p>\n\n\n\n<p class=\"wp-block-wd-paragraph wd-239ff546\"><strong>Viename tavo eil\u0117ra\u0161tyje apelsin\u0173 sultys tampa tikru \u201egyvyb\u0117s eliksyru\u201c \u2013 ra\u0161ai, kad \u201ekiekvienas la\u0161elis svarbus\u201c, o galiausiai prisipa\u017e\u012fsti, kad tavo venomis teka \u201etyros apelsin\u0173 sultys\u201c. Ar po \u0161io eil\u0117ra\u0161\u010dio \u017emon\u0117s tave jau prad\u0117jo vai\u0161inti apelsin\u0173 sultimis? O gal priklausomyb\u0117s dar niekas tinkamai ne\u012fvertino?<\/strong><strong><br><\/strong><strong><br><\/strong>Saky\u010diau, kad \u0161i priklausomyb\u0117 vis dar beveik nepasteb\u0117ta ir tinkamai ne\u012fvertinta. <em>(juokiasi) <\/em>Mano \u0161eima apie tai \u017eino ir visada nuperka apelsin\u0173 sul\u010di\u0173, kai sergu arba kai nori mane pralinksminti. \u0160i keista priklausomyb\u0117 mane lydi, kiek tik save prisimenu.<strong><br><\/strong><strong><br><\/strong><strong>\u0160i\u0173 met\u0173 \u201ePoetinio Druskinink\u0173 rudens\u201c tema \u2013 \u201ePoezijos ritualai\u201c. Apie k\u0105 pirmiausia pagalvoji, kai i\u0161girsti \u0161i\u0173 \u017eod\u017ei\u0173 kombinacij\u0105? <\/strong><strong><br><\/strong><br>Jei atvirai \u2013 apie niek\u0105. Tiesa, \u0161ia tema festivaliui turiu parengti trump\u0105 prane\u0161im\u0105, ta\u010diau kol kas ne\u012fsivaizduoju, apie k\u0105, po velni\u0173, kalb\u0117siu. Apie poezij\u0105 apskritai nem\u0117gstu kalb\u0117ti, nes pati da\u017eniausiai jos net nesuprantu. Man patinka j\u0105 ra\u0161yti, ir tiek. Joki\u0173 pretenzing\u0173 pliurpal\u0173.<\/p>\n\n\n\n<figure class=\"wp-block-image size-large\"><img loading=\"lazy\" decoding=\"async\" width=\"873\" height=\"1024\" src=\"https:\/\/pdr.lt\/wp-content\/uploads\/2026\/09\/Liga-Beatrise-Bosa-nuotr-873x1024.jpg\" alt=\"\" class=\"wp-image-4834\" srcset=\"https:\/\/pdr.lt\/wp-content\/uploads\/2026\/09\/Liga-Beatrise-Bosa-nuotr-873x1024.jpg 873w, https:\/\/pdr.lt\/wp-content\/uploads\/2026\/09\/Liga-Beatrise-Bosa-nuotr-256x300.jpg 256w, https:\/\/pdr.lt\/wp-content\/uploads\/2026\/09\/Liga-Beatrise-Bosa-nuotr-768x901.jpg 768w, https:\/\/pdr.lt\/wp-content\/uploads\/2026\/09\/Liga-Beatrise-Bosa-nuotr-1310x1536.jpg 1310w, https:\/\/pdr.lt\/wp-content\/uploads\/2026\/09\/Liga-Beatrise-Bosa-nuotr-10x12.jpg 10w, https:\/\/pdr.lt\/wp-content\/uploads\/2026\/09\/Liga-Beatrise-Bosa-nuotr-1200x1408.jpg 1200w, https:\/\/pdr.lt\/wp-content\/uploads\/2026\/09\/Liga-Beatrise-Bosa-nuotr-150x176.jpg 150w, https:\/\/pdr.lt\/wp-content\/uploads\/2026\/09\/Liga-Beatrise-Bosa-nuotr.jpg 1746w\" sizes=\"auto, (max-width: 873px) 100vw, 873px\" \/><\/figure>\n\n\n\n<p class=\"wp-block-wd-paragraph wd-fd2e7c0e\"><strong>Interviu pareng\u0117 Lina Simutyt\u0117<\/strong><\/p>\n\n\n\n<p class=\"wp-block-wd-paragraph wd-593903bb\"><strong>Tarptautin\u012f literat\u016bros festival\u012f \u201ePoetinis Druskinink\u0173 ruduo 2026\u201c finansuoja<\/strong><\/p>\n\n\n\n<figure class=\"wp-block-image size-large is-resized\"><img loading=\"lazy\" decoding=\"async\" width=\"1024\" height=\"400\" src=\"https:\/\/pdr.lt\/wp-content\/uploads\/2026\/09\/image-1024x400.png\" alt=\"\" class=\"wp-image-4788\" style=\"aspect-ratio:2.560060939880464;width:151px;height:auto\" srcset=\"https:\/\/pdr.lt\/wp-content\/uploads\/2026\/09\/image-1024x400.png 1024w, https:\/\/pdr.lt\/wp-content\/uploads\/2026\/09\/image-300x117.png 300w, https:\/\/pdr.lt\/wp-content\/uploads\/2026\/09\/image-768x300.png 768w, https:\/\/pdr.lt\/wp-content\/uploads\/2026\/09\/image-18x7.png 18w, https:\/\/pdr.lt\/wp-content\/uploads\/2026\/09\/image-1200x468.png 1200w, https:\/\/pdr.lt\/wp-content\/uploads\/2026\/09\/image-150x59.png 150w, https:\/\/pdr.lt\/wp-content\/uploads\/2026\/09\/image.png 1419w\" sizes=\"auto, (max-width: 1024px) 100vw, 1024px\" \/><\/figure>\n\n\n\n<p class=\"wp-block-paragraph\"><\/p>","protected":false},"excerpt":{"rendered":"","protected":false},"author":2,"featured_media":4836,"comment_status":"closed","ping_status":"open","sticky":false,"template":"","format":"standard","meta":{"_acf_changed":false,"footnotes":""},"categories":[58,78],"tags":[],"class_list":["post-4828","post","type-post","status-publish","format-standard","has-post-thumbnail","hentry","category-naujienos","category-interviu"],"acf":[],"_links":{"self":[{"href":"https:\/\/pdr.lt\/en\/wp-json\/wp\/v2\/posts\/4828","targetHints":{"allow":["GET"]}}],"collection":[{"href":"https:\/\/pdr.lt\/en\/wp-json\/wp\/v2\/posts"}],"about":[{"href":"https:\/\/pdr.lt\/en\/wp-json\/wp\/v2\/types\/post"}],"author":[{"embeddable":true,"href":"https:\/\/pdr.lt\/en\/wp-json\/wp\/v2\/users\/2"}],"replies":[{"embeddable":true,"href":"https:\/\/pdr.lt\/en\/wp-json\/wp\/v2\/comments?post=4828"}],"version-history":[{"count":5,"href":"https:\/\/pdr.lt\/en\/wp-json\/wp\/v2\/posts\/4828\/revisions"}],"predecessor-version":[{"id":4838,"href":"https:\/\/pdr.lt\/en\/wp-json\/wp\/v2\/posts\/4828\/revisions\/4838"}],"wp:featuredmedia":[{"embeddable":true,"href":"https:\/\/pdr.lt\/en\/wp-json\/wp\/v2\/media\/4836"}],"wp:attachment":[{"href":"https:\/\/pdr.lt\/en\/wp-json\/wp\/v2\/media?parent=4828"}],"wp:term":[{"taxonomy":"category","embeddable":true,"href":"https:\/\/pdr.lt\/en\/wp-json\/wp\/v2\/categories?post=4828"},{"taxonomy":"post_tag","embeddable":true,"href":"https:\/\/pdr.lt\/en\/wp-json\/wp\/v2\/tags?post=4828"}],"curies":[{"name":"wp","href":"https:\/\/api.w.org\/{rel}","templated":true}]}}